{"id":803,"date":"2026-09-04T06:19:16","date_gmt":"2026-09-04T06:19:16","guid":{"rendered":"https:\/\/elpulpoenelvaso.jlmirall.es\/?p=803"},"modified":"2026-09-04T06:19:17","modified_gmt":"2026-09-04T06:19:17","slug":"nace-anpeap-una-voz-comun-para-el-profesorado-de-las-ensenanzas-artisticas-profesionales","status":"publish","type":"post","link":"https:\/\/elpulpoenelvaso.jlmirall.es\/?p=803","title":{"rendered":"Nace ANPEAP: una voz com\u00fan para el profesorado de las ense\u00f1anzas art\u00edsticas profesionales"},"content":{"rendered":"\n<pre class=\"wp-block-code\"><code>Traslado el mensaje que me ha llegado de difusi\u00f3n de esta Asociaci\u00f3n. Les deseo buen viento y buenas velas para navegar por las mareas del sistema educativo.<\/code><\/pre>\n\n\n\n<p class=\"wp-block-paragraph\">Las ense\u00f1anzas art\u00edsticas necesitan que la experiencia de quienes trabajan cada d\u00eda en las aulas llegue con claridad a las administraciones y a los espacios donde se decide su futuro.<\/p>\n\n\n\n<p class=\"wp-block-paragraph\">Con este objetivo nace&nbsp;<strong>ANPEAP, la Asociaci\u00f3n Nacional del Profesorado de Ense\u00f1anzas Art\u00edsticas Profesionales<\/strong>.<\/p>\n\n\n\n<p class=\"wp-block-paragraph\"><strong>ANPEAP nace para representar y defender al profesorado de las ense\u00f1anzas art\u00edsticas profesionales de m\u00fasica y danza y para colaborar con los restantes \u00e1mbitos de las ense\u00f1anzas art\u00edsticas \u2014incluidos Arte Dram\u00e1tico y Artes Circenses\u2014 en los intereses que compartimos.<\/strong><\/p>\n\n\n\n<p class=\"wp-block-paragraph\">Estamos construyendo una red estatal capaz de trasladar las necesidades reales del profesorado y trabajar por:<\/p>\n\n\n\n<ul class=\"wp-block-list\">\n<li>El reconocimiento profesional y la mejora normativa.<\/li>\n\n\n\n<li>La defensa de nuestros derechos y condiciones de trabajo.<\/li>\n\n\n\n<li>La salud laboral y la conciliaci\u00f3n.<\/li>\n\n\n\n<li>La formaci\u00f3n, la cooperaci\u00f3n y la participaci\u00f3n efectiva en las decisiones que afectan a estas ense\u00f1anzas.<\/li>\n<\/ul>\n\n\n\n<p class=\"wp-block-paragraph\">Para lograr una representaci\u00f3n s\u00f3lida necesitamos sumar profesorado de todas las especialidades y comunidades aut\u00f3nomas.&nbsp;<strong>Cada nueva incorporaci\u00f3n ampl\u00eda nuestra capacidad de interlocuci\u00f3n y refuerza la defensa de los intereses comunes.<\/strong><\/p>\n\n\n\n<div class=\"wp-block-buttons is-layout-flex wp-block-buttons-is-layout-flex\">\n<div class=\"wp-block-button\"><a class=\"wp-block-button__link wp-element-button\" href=\"https:\/\/anpeap.org\/#afiliacion\">AF\u00cdLIATE A ANPEAP<\/a><\/div>\n<\/div>\n\n\n\n<p class=\"wp-block-paragraph\"><strong>La afiliaci\u00f3n es gratuita.<\/strong><\/p>\n\n\n\n<p class=\"wp-block-paragraph\">Tambi\u00e9n puedes encontrarnos en Instagram:&nbsp;<a href=\"https:\/\/www.instagram.com\/anpeap\/\">@anpeap<\/a>.<\/p>\n\n\n\n<p class=\"wp-block-paragraph\">Si conoces a profesorado de ense\u00f1anzas art\u00edsticas profesionales,&nbsp;<strong>comparte y reenv\u00eda esta informaci\u00f3n<\/strong>. Una voz com\u00fan empieza sumando la tuya.<\/p>\n\n\n\n<p class=\"wp-block-paragraph\"><strong>ANPEAP \u2013 Asociaci\u00f3n Nacional del Profesorado de Ense\u00f1anzas Art\u00edsticas Profesionales<\/strong><br><a href=\"https:\/\/anpeap.org\/\">https:\/\/anpeap.org<\/a><\/p>\n\n\n\n<p class=\"wp-block-paragraph\"><\/p>\n","protected":false},"excerpt":{"rendered":"<p>Las ense\u00f1anzas art\u00edsticas necesitan que la experiencia de quienes trabajan cada d\u00eda en las aulas llegue con claridad a las administraciones y a los espacios donde se decide su futuro. Con este objetivo nace&nbsp;ANPEAP, la Asociaci\u00f3n Nacional del Profesorado de Ense\u00f1anzas Art\u00edsticas Profesionales. ANPEAP nace para representar y defender al profesorado de las ense\u00f1anzas art\u00edsticas [&hellip;]<\/p>\n","protected":false},"author":1,"featured_media":0,"comment_status":"open","ping_status":"open","sticky":false,"template":"","format":"standard","meta":{"_jetpack_newsletter_access":"","_jetpack_dont_email_post_to_subs":false,"_jetpack_newsletter_tier_id":0,"_jetpack_memberships_contains_paywalled_content":false,"_jetpack_feature_clip_id":0,"_jetpack_memberships_contains_paid_content":false,"footnotes":"","jetpack_publicize_message":"","jetpack_publicize_feature_enabled":true,"jetpack_social_post_already_shared":true,"jetpack_social_options":{"image_generator_settings":{"template":"highway","default_image_id":0,"font":"","enabled":false},"version":2},"jetpack_post_was_ever_published":false},"categories":[1],"tags":[5],"class_list":["post-803","post","type-post","status-publish","format-standard","hentry","category-uncategorized","tag-sistema-educativo"],"jetpack_publicize_connections":[],"jetpack-related-posts":[{"id":32,"url":"https:\/\/elpulpoenelvaso.jlmirall.es\/?p=32","url_meta":{"origin":803,"position":0},"title":"Profesores y Catedr\u00e1ticos, sin inocentadas","author":"admin","date":"diciembre 28, 2022","format":false,"excerpt":"Se van a actualizar los cuerpos docentes de ense\u00f1anzas art\u00edsticas, \u00bfhan pensado en las ense\u00f1anzas profesionales?","rel":"","context":"En \u00abSistema educativo\u00bb","block_context":{"text":"Sistema educativo","link":"https:\/\/elpulpoenelvaso.jlmirall.es\/?tag=sistema-educativo"},"img":{"alt_text":"","src":"https:\/\/i0.wp.com\/elpulpoenelvaso.jlmirall.es\/wp-content\/uploads\/2022\/12\/11CFDCE3-68AB-4813-8102-409D9809FD13.png?fit=1080%2C1080&ssl=1&resize=350%2C200","width":350,"height":200,"srcset":"https:\/\/i0.wp.com\/elpulpoenelvaso.jlmirall.es\/wp-content\/uploads\/2022\/12\/11CFDCE3-68AB-4813-8102-409D9809FD13.png?fit=1080%2C1080&ssl=1&resize=350%2C200 1x, https:\/\/i0.wp.com\/elpulpoenelvaso.jlmirall.es\/wp-content\/uploads\/2022\/12\/11CFDCE3-68AB-4813-8102-409D9809FD13.png?fit=1080%2C1080&ssl=1&resize=525%2C300 1.5x, https:\/\/i0.wp.com\/elpulpoenelvaso.jlmirall.es\/wp-content\/uploads\/2022\/12\/11CFDCE3-68AB-4813-8102-409D9809FD13.png?fit=1080%2C1080&ssl=1&resize=700%2C400 2x, https:\/\/i0.wp.com\/elpulpoenelvaso.jlmirall.es\/wp-content\/uploads\/2022\/12\/11CFDCE3-68AB-4813-8102-409D9809FD13.png?fit=1080%2C1080&ssl=1&resize=1050%2C600 3x"},"classes":[]},{"id":183,"url":"https:\/\/elpulpoenelvaso.jlmirall.es\/?p=183","url_meta":{"origin":803,"position":1},"title":"Ministra de Educaci\u00f3n Pilar Alegr\u00eda Anuncia la Reactivaci\u00f3n del Proyecto de Ley de Ense\u00f1anzas Art\u00edsticas","author":"admin","date":"diciembre 28, 2023","format":false,"excerpt":"EDICI\u00d3N: Este post es una inocentada del 28 de Diciembre de 2023. ;) El fin de a\u00f1o viene con una grata sorpresa para las ense\u00f1anzas de conservatorios. En la \u00faltima rueda de prensa del Consejo de Ministros, la Ministra de Educaci\u00f3n Pilar Alegr\u00eda ha anunciado la reactivaci\u00f3n del Proyecto de\u2026","rel":"","context":"En \u00abSistema educativo\u00bb","block_context":{"text":"Sistema educativo","link":"https:\/\/elpulpoenelvaso.jlmirall.es\/?tag=sistema-educativo"},"img":{"alt_text":"","src":"https:\/\/i0.wp.com\/elpulpoenelvaso.jlmirall.es\/wp-content\/uploads\/2023\/12\/IMG_2923-scaled.jpeg?fit=1200%2C800&ssl=1&resize=350%2C200","width":350,"height":200,"srcset":"https:\/\/i0.wp.com\/elpulpoenelvaso.jlmirall.es\/wp-content\/uploads\/2023\/12\/IMG_2923-scaled.jpeg?fit=1200%2C800&ssl=1&resize=350%2C200 1x, https:\/\/i0.wp.com\/elpulpoenelvaso.jlmirall.es\/wp-content\/uploads\/2023\/12\/IMG_2923-scaled.jpeg?fit=1200%2C800&ssl=1&resize=525%2C300 1.5x, https:\/\/i0.wp.com\/elpulpoenelvaso.jlmirall.es\/wp-content\/uploads\/2023\/12\/IMG_2923-scaled.jpeg?fit=1200%2C800&ssl=1&resize=700%2C400 2x, https:\/\/i0.wp.com\/elpulpoenelvaso.jlmirall.es\/wp-content\/uploads\/2023\/12\/IMG_2923-scaled.jpeg?fit=1200%2C800&ssl=1&resize=1050%2C600 3x"},"classes":[]},{"id":383,"url":"https:\/\/elpulpoenelvaso.jlmirall.es\/?p=383","url_meta":{"origin":803,"position":2},"title":"\u00bfVolver\u00e1n las oscuras golondrinas de la LOGSE?","author":"admin","date":"noviembre 8, 2024","format":false,"excerpt":"Lo siguiente es un art\u00edculo que escrib\u00ed hace a\u00f1os, el cu\u00e1l finalmente descart\u00e9 para su publicaci\u00f3n acad\u00e9mica, puesto que acab\u00e9 desarrollando alguno de sus apartados por separado en otras publicaciones y conferencias. Pero se perdi\u00f3 el esp\u00edritu de lo que aqu\u00ed intentaba hacer, un relato de los cambios profundos que\u2026","rel":"","context":"En \u00abinvestigaci\u00f3n\u00bb","block_context":{"text":"investigaci\u00f3n","link":"https:\/\/elpulpoenelvaso.jlmirall.es\/?tag=investigacion"},"img":{"alt_text":"","src":"https:\/\/i0.wp.com\/elpulpoenelvaso.jlmirall.es\/wp-content\/uploads\/2024\/11\/DALL%C2%B7E-2024-11-08-10.17.07-A-hyper-realistic-photograph-of-a-dark-swallow-perched-on-top-of-a-thick-legal-book-titled-Ley-Organica-de-Educacion.-The-scene-captures-the-swallow.jpg?fit=1024%2C1024&ssl=1&resize=350%2C200","width":350,"height":200,"srcset":"https:\/\/i0.wp.com\/elpulpoenelvaso.jlmirall.es\/wp-content\/uploads\/2024\/11\/DALL%C2%B7E-2024-11-08-10.17.07-A-hyper-realistic-photograph-of-a-dark-swallow-perched-on-top-of-a-thick-legal-book-titled-Ley-Organica-de-Educacion.-The-scene-captures-the-swallow.jpg?fit=1024%2C1024&ssl=1&resize=350%2C200 1x, https:\/\/i0.wp.com\/elpulpoenelvaso.jlmirall.es\/wp-content\/uploads\/2024\/11\/DALL%C2%B7E-2024-11-08-10.17.07-A-hyper-realistic-photograph-of-a-dark-swallow-perched-on-top-of-a-thick-legal-book-titled-Ley-Organica-de-Educacion.-The-scene-captures-the-swallow.jpg?fit=1024%2C1024&ssl=1&resize=525%2C300 1.5x, https:\/\/i0.wp.com\/elpulpoenelvaso.jlmirall.es\/wp-content\/uploads\/2024\/11\/DALL%C2%B7E-2024-11-08-10.17.07-A-hyper-realistic-photograph-of-a-dark-swallow-perched-on-top-of-a-thick-legal-book-titled-Ley-Organica-de-Educacion.-The-scene-captures-the-swallow.jpg?fit=1024%2C1024&ssl=1&resize=700%2C400 2x"},"classes":[]},{"id":404,"url":"https:\/\/elpulpoenelvaso.jlmirall.es\/?p=404","url_meta":{"origin":803,"position":3},"title":"La Educaci\u00f3n Musical sufre Bullying","author":"admin","date":"diciembre 9, 2024","format":false,"excerpt":"La m\u00fasica en el sistema educativo espa\u00f1ol ocupa una posici\u00f3n compleja y frecuentemente cuestionada. Este art\u00edculo examina las relaciones entre diferentes \u00e1reas de conocimiento en el curr\u00edculo escolar, comparando la dedicaci\u00f3n horaria entre asignaturas y analizando la divisi\u00f3n institucional entre universidades y conservatorios. A trav\u00e9s de datos concretos y ejemplos\u2026","rel":"","context":"En \u00abinvestigaci\u00f3n\u00bb","block_context":{"text":"investigaci\u00f3n","link":"https:\/\/elpulpoenelvaso.jlmirall.es\/?tag=investigacion"},"img":{"alt_text":"","src":"https:\/\/i0.wp.com\/elpulpoenelvaso.jlmirall.es\/wp-content\/uploads\/2024\/12\/6d8a185d-3b54-44cc-93f3-da5996c4071f.jpg?fit=1024%2C1024&ssl=1&resize=350%2C200","width":350,"height":200,"srcset":"https:\/\/i0.wp.com\/elpulpoenelvaso.jlmirall.es\/wp-content\/uploads\/2024\/12\/6d8a185d-3b54-44cc-93f3-da5996c4071f.jpg?fit=1024%2C1024&ssl=1&resize=350%2C200 1x, https:\/\/i0.wp.com\/elpulpoenelvaso.jlmirall.es\/wp-content\/uploads\/2024\/12\/6d8a185d-3b54-44cc-93f3-da5996c4071f.jpg?fit=1024%2C1024&ssl=1&resize=525%2C300 1.5x, https:\/\/i0.wp.com\/elpulpoenelvaso.jlmirall.es\/wp-content\/uploads\/2024\/12\/6d8a185d-3b54-44cc-93f3-da5996c4071f.jpg?fit=1024%2C1024&ssl=1&resize=700%2C400 2x"},"classes":[]},{"id":777,"url":"https:\/\/elpulpoenelvaso.jlmirall.es\/?p=777","url_meta":{"origin":803,"position":4},"title":"Legis CPMDEM ya no es solo un lector de leyes","author":"admin","date":"septiembre 1, 2026","format":false,"excerpt":"Cuatro meses despu\u00e9s de presentarlo, el archivo legislativo de conservatorios tiene dos apartados nuevos que se consultan por pregunta y no por norma, citas que no pueden envejecer en silencio, datos abiertos y dieciocho normas m\u00e1s.","rel":"","context":"En \u00abGesti\u00f3n Educativa\u00bb","block_context":{"text":"Gesti\u00f3n Educativa","link":"https:\/\/elpulpoenelvaso.jlmirall.es\/?tag=gestion-educativa"},"img":{"alt_text":"","src":"https:\/\/i0.wp.com\/elpulpoenelvaso.jlmirall.es\/wp-content\/uploads\/2026\/08\/legis-documentos.jpg?fit=1200%2C912&ssl=1&resize=350%2C200","width":350,"height":200,"srcset":"https:\/\/i0.wp.com\/elpulpoenelvaso.jlmirall.es\/wp-content\/uploads\/2026\/08\/legis-documentos.jpg?fit=1200%2C912&ssl=1&resize=350%2C200 1x, https:\/\/i0.wp.com\/elpulpoenelvaso.jlmirall.es\/wp-content\/uploads\/2026\/08\/legis-documentos.jpg?fit=1200%2C912&ssl=1&resize=525%2C300 1.5x, https:\/\/i0.wp.com\/elpulpoenelvaso.jlmirall.es\/wp-content\/uploads\/2026\/08\/legis-documentos.jpg?fit=1200%2C912&ssl=1&resize=700%2C400 2x, https:\/\/i0.wp.com\/elpulpoenelvaso.jlmirall.es\/wp-content\/uploads\/2026\/08\/legis-documentos.jpg?fit=1200%2C912&ssl=1&resize=1050%2C600 3x"},"classes":[]},{"id":422,"url":"https:\/\/elpulpoenelvaso.jlmirall.es\/?p=422","url_meta":{"origin":803,"position":5},"title":"\u00bfDeber\u00edamos estudiar m\u00fasica?","author":"admin","date":"diciembre 13, 2024","format":false,"excerpt":"Lo siguiente es un Art\u00edculo de Conferencia (Conference Paper) presentado en el II Congreso Nacional de Consevatorios Superiores de M\u00fasica en 2016. Se puede consultar el art\u00edculo original en mi\u00a0Research Gate, aunque aqu\u00ed se presenta tambi\u00e9n completo. Prepar\u00e1ndome clases sobre el curr\u00edculum y el sistema educativo para mis alumnos de\u2026","rel":"","context":"En \u00abinvestigaci\u00f3n\u00bb","block_context":{"text":"investigaci\u00f3n","link":"https:\/\/elpulpoenelvaso.jlmirall.es\/?tag=investigacion"},"img":{"alt_text":"","src":"https:\/\/i0.wp.com\/elpulpoenelvaso.jlmirall.es\/wp-content\/uploads\/2024\/12\/DALL%C2%B7E-2024-12-13-11.55.24-An-artistic-representation-highlighting-the-intersection-of-music-education-and-global-data-driven-evaluations.-The-image-features-a-classroom-scene-w.jpg?fit=1024%2C1024&ssl=1&resize=350%2C200","width":350,"height":200,"srcset":"https:\/\/i0.wp.com\/elpulpoenelvaso.jlmirall.es\/wp-content\/uploads\/2024\/12\/DALL%C2%B7E-2024-12-13-11.55.24-An-artistic-representation-highlighting-the-intersection-of-music-education-and-global-data-driven-evaluations.-The-image-features-a-classroom-scene-w.jpg?fit=1024%2C1024&ssl=1&resize=350%2C200 1x, https:\/\/i0.wp.com\/elpulpoenelvaso.jlmirall.es\/wp-content\/uploads\/2024\/12\/DALL%C2%B7E-2024-12-13-11.55.24-An-artistic-representation-highlighting-the-intersection-of-music-education-and-global-data-driven-evaluations.-The-image-features-a-classroom-scene-w.jpg?fit=1024%2C1024&ssl=1&resize=525%2C300 1.5x, https:\/\/i0.wp.com\/elpulpoenelvaso.jlmirall.es\/wp-content\/uploads\/2024\/12\/DALL%C2%B7E-2024-12-13-11.55.24-An-artistic-representation-highlighting-the-intersection-of-music-education-and-global-data-driven-evaluations.-The-image-features-a-classroom-scene-w.jpg?fit=1024%2C1024&ssl=1&resize=700%2C400 2x"},"classes":[]}],"jetpack_sharing_enabled":true,"jetpack_featured_media_url":"","_links":{"self":[{"href":"https:\/\/elpulpoenelvaso.jlmirall.es\/index.php?rest_route=\/wp\/v2\/posts\/803","targetHints":{"allow":["GET"]}}],"collection":[{"href":"https:\/\/elpulpoenelvaso.jlmirall.es\/index.php?rest_route=\/wp\/v2\/posts"}],"about":[{"href":"https:\/\/elpulpoenelvaso.jlmirall.es\/index.php?rest_route=\/wp\/v2\/types\/post"}],"author":[{"embeddable":true,"href":"https:\/\/elpulpoenelvaso.jlmirall.es\/index.php?rest_route=\/wp\/v2\/users\/1"}],"replies":[{"embeddable":true,"href":"https:\/\/elpulpoenelvaso.jlmirall.es\/index.php?rest_route=%2Fwp%2Fv2%2Fcomments&post=803"}],"version-history":[{"count":2,"href":"https:\/\/elpulpoenelvaso.jlmirall.es\/index.php?rest_route=\/wp\/v2\/posts\/803\/revisions"}],"predecessor-version":[{"id":805,"href":"https:\/\/elpulpoenelvaso.jlmirall.es\/index.php?rest_route=\/wp\/v2\/posts\/803\/revisions\/805"}],"wp:attachment":[{"href":"https:\/\/elpulpoenelvaso.jlmirall.es\/index.php?rest_route=%2Fwp%2Fv2%2Fmedia&parent=803"}],"wp:term":[{"taxonomy":"category","embeddable":true,"href":"https:\/\/elpulpoenelvaso.jlmirall.es\/index.php?rest_route=%2Fwp%2Fv2%2Fcategories&post=803"},{"taxonomy":"post_tag","embeddable":true,"href":"https:\/\/elpulpoenelvaso.jlmirall.es\/index.php?rest_route=%2Fwp%2Fv2%2Ftags&post=803"}],"curies":[{"name":"wp","href":"https:\/\/api.w.org\/{rel}","templated":true}]}}