{"id":801,"date":"2026-09-03T05:04:37","date_gmt":"2026-09-03T05:04:37","guid":{"rendered":"https:\/\/elpulpoenelvaso.jlmirall.es\/?p=801"},"modified":"2026-09-03T05:04:39","modified_gmt":"2026-09-03T05:04:39","slug":"microsoft-bookings-para-los-ensayos-del-profesor-pianista-acompanante","status":"publish","type":"post","link":"https:\/\/elpulpoenelvaso.jlmirall.es\/?p=801","title":{"rendered":"Microsoft Bookings para los ensayos del Profesor Pianista Acompa\u00f1ante"},"content":{"rendered":"\n<p class=\"wp-block-paragraph\">El profesor pianista acompa\u00f1ante es un cuello de botella con patas. Tiene algunas tardes a la semana, toda la jornada entera u horas sueltas mezcladas con otras cosas. Muchos instrumentistas tienen que ensayar, y una puerta que no para de abrirse a todas horas: \u00ab\u00bfte va bien el jueves?\u00bb, \u00ab\u00bfa qu\u00e9 hora quedamos?\u00bb, \u00abme han dicho que a las cinco pero creo que ya est\u00e1 pillado\u00bb. Al final alguien acaba manteniendo una lista en un papel, y la lista deja de ser cierta a los dos d\u00edas.<\/p>\n\n\n\n<p class=\"wp-block-paragraph\">Se arregla con una herramienta que los docentes de los conservatorios p\u00fablicos valencianos ya tenemos pagada y casi nadie usa: <strong>Microsoft Bookings<\/strong>. El alumnado (o sus p\/madres o sus propios tutores del conservatorio) entra en una p\u00e1gina, ve las franjas libres, coge la suya y se acab\u00f3. Lo que sigue es c\u00f3mo montarla paso a paso, con los tres o cuatro sitios donde uno se pega el primer d\u00eda.<\/p>\n\n\n\n<p class=\"wp-block-paragraph\"><em>Las capturas est\u00e1n tomadas de mi propia cuenta, con la interfaz en valenci\u00e0. Si la tienes en castellano los nombres cambian, pero los botones est\u00e1n en el mismo sitio.<\/em><\/p>\n\n\n\n<h2 class=\"wp-block-heading\">Antes de empezar: hace falta licencia A3<\/h2>\n\n\n\n<p class=\"wp-block-paragraph\">Esto es lo primero, porque si no, todo lo dem\u00e1s sobra. La <strong>p\u00e1gina de reservas personal<\/strong> \u2014lo que Microsoft llama <em>Bookings with me<\/em>\u2014 <strong>no viene con la licencia A1<\/strong>, que es la que llevan por defecto muchas cuentas educativas. Necesita <strong>A3<\/strong> (o superior). Si entras en <a href=\"https:\/\/outlook.office.com\/bookings\/\" target=\"_blank\" rel=\"noreferrer noopener\">outlook.office.com\/bookings<\/a> y no ves ninguna p\u00e1gina personal, no es que lo est\u00e9s haciendo mal: es la licencia.<\/p>\n\n\n\n<p class=\"wp-block-paragraph\">Merece la pena pedirla en el centro. Y conviene distinguir dos cosas que se llaman casi igual:<\/p>\n\n\n\n<ul class=\"wp-block-list\">\n<li><strong>P\u00e1gina de reservas personal.<\/strong> Tuya, cuelga de tu calendario, se monta en cinco minutos. Es la que queremos aqu\u00ed.<\/li>\n\n\n\n<li><strong>P\u00e1ginas de reservas compartidas.<\/strong> Un buz\u00f3n aparte para un equipo, con varios \u00abempleados\u00bb y servicios. Sirve para otras cosas, pero para un pianista acompa\u00f1ante es matar moscas a ca\u00f1onazos, y parece que por ahora no la tenemos activa.<\/li>\n<\/ul>\n\n\n\n<figure class=\"wp-block-image size-large\"><img data-recalc-dims=\"1\" loading=\"lazy\" decoding=\"async\" width=\"1440\" height=\"757\" src=\"https:\/\/i0.wp.com\/elpulpoenelvaso.jlmirall.es\/wp-content\/uploads\/2026\/09\/bookings-01-bookings-inicio-1.jpg?resize=1440%2C757&#038;ssl=1\" alt=\"Portada de Microsoft Bookings con dos bloques: p\u00e1gina de reservas personal, con una tarjeta del tipo de reuni\u00f3n creado, y p\u00e1ginas de reservas compartidas, vac\u00edo.\" class=\"wp-image-786\" srcset=\"https:\/\/i0.wp.com\/elpulpoenelvaso.jlmirall.es\/wp-content\/uploads\/2026\/09\/bookings-01-bookings-inicio-1.jpg?w=1440&amp;ssl=1 1440w, https:\/\/i0.wp.com\/elpulpoenelvaso.jlmirall.es\/wp-content\/uploads\/2026\/09\/bookings-01-bookings-inicio-1.jpg?resize=300%2C158&amp;ssl=1 300w, https:\/\/i0.wp.com\/elpulpoenelvaso.jlmirall.es\/wp-content\/uploads\/2026\/09\/bookings-01-bookings-inicio-1.jpg?resize=1024%2C538&amp;ssl=1 1024w, https:\/\/i0.wp.com\/elpulpoenelvaso.jlmirall.es\/wp-content\/uploads\/2026\/09\/bookings-01-bookings-inicio-1.jpg?resize=768%2C404&amp;ssl=1 768w\" sizes=\"auto, (max-width: 1000px) 100vw, 1000px\" \/><figcaption class=\"wp-element-caption\">La portada de Bookings. Arriba la p\u00e1gina personal \u2014la que nos interesa\u2014, abajo las compartidas.<\/figcaption><\/figure>\n\n\n\n<h2 class=\"wp-block-heading\">Crear el tipo de reuni\u00f3n<\/h2>\n\n\n\n<p class=\"wp-block-paragraph\">Una p\u00e1gina de reservas personal contiene <strong>tipos de reuni\u00f3n<\/strong>. Cada tipo es una cosa que la gente puede reservarte, con su duraci\u00f3n y su horario. Para esto, un tipo por instrumento o por agrupaci\u00f3n: <em>Ensayo con pianista \u2014 violonchelo<\/em>, <em>Ensayo con pianista \u2014 trompa<\/em>\u2026 Se pulsa <strong>Crea un tipus de reuni\u00f3<\/strong> y aparece esta pantalla.<\/p>\n\n\n\n<figure class=\"wp-block-image size-large\"><img data-recalc-dims=\"1\" loading=\"lazy\" decoding=\"async\" width=\"1440\" height=\"757\" src=\"https:\/\/i0.wp.com\/elpulpoenelvaso.jlmirall.es\/wp-content\/uploads\/2026\/09\/bookings-02-tipo-reunion-datos.jpg?resize=1440%2C757&#038;ssl=1\" alt=\"Formulario de edici\u00f3n del tipo de reuni\u00f3n: t\u00edtulo, categor\u00eda de color, descripci\u00f3n con instrucciones, ubicaci\u00f3n, duraci\u00f3n de 15 minutos y elecci\u00f3n entre p\u00fablico y privado.\" class=\"wp-image-787\" srcset=\"https:\/\/i0.wp.com\/elpulpoenelvaso.jlmirall.es\/wp-content\/uploads\/2026\/09\/bookings-02-tipo-reunion-datos.jpg?w=1440&amp;ssl=1 1440w, https:\/\/i0.wp.com\/elpulpoenelvaso.jlmirall.es\/wp-content\/uploads\/2026\/09\/bookings-02-tipo-reunion-datos.jpg?resize=300%2C158&amp;ssl=1 300w, https:\/\/i0.wp.com\/elpulpoenelvaso.jlmirall.es\/wp-content\/uploads\/2026\/09\/bookings-02-tipo-reunion-datos.jpg?resize=1024%2C538&amp;ssl=1 1024w, https:\/\/i0.wp.com\/elpulpoenelvaso.jlmirall.es\/wp-content\/uploads\/2026\/09\/bookings-02-tipo-reunion-datos.jpg?resize=768%2C404&amp;ssl=1 768w\" sizes=\"auto, (max-width: 1000px) 100vw, 1000px\" \/><figcaption class=\"wp-element-caption\">Los datos de cabecera. La descripci\u00f3n es el sitio donde se dan las instrucciones, porque se lee justo antes de reservar.<\/figcaption><\/figure>\n\n\n\n<ul class=\"wp-block-list\">\n<li><strong>El t\u00edtulo<\/strong> es lo que ve el alumnado y lo que aparecer\u00e1 en tu calendario. Que se entienda solo.<\/li>\n\n\n\n<li><strong>La descripci\u00f3n<\/strong> es m\u00e1s importante de lo que parece: es lo \u00fanico que la persona lee antes de darle al bot\u00f3n. Ah\u00ed van las instrucciones \u2014qu\u00e9 repertorio va a trabajar, que ponga su nombre si quien reserva es la familia, que avise si no puede venir\u2014. Admite emojis, y en una pantalla de m\u00f3vil un \u26a0\ufe0f se lee mucho mejor que un p\u00e1rrafo.<\/li>\n\n\n\n<li><strong>La duraci\u00f3n<\/strong> es la de <em>una<\/em> franja. Volver\u00e9 sobre esto en un minuto, porque es la decisi\u00f3n que m\u00e1s se nota.<\/li>\n\n\n\n<li><strong>P\u00fablico o privado.<\/strong> P\u00fablico significa que aparece en tu p\u00e1gina de reservas para cualquiera que tenga el enlace. Privado, que s\u00f3lo entra quien tenga el enlace directo de <em>ese<\/em> tipo de reuni\u00f3n. Para los ensayos, p\u00fablico est\u00e1 bien: el enlace lo repartes t\u00fa.<\/li>\n\n\n\n<li><strong>La ubicaci\u00f3n<\/strong> es texto libre: \u00abAula 12\u00bb, \u00abCabina de piano\u00bb. Y el interruptor de Teams d\u00e9jalo apagado, salvo que quieras ensayar por videoconferencia, que ya ser\u00eda digno de otra entrada. <a href=\"https:\/\/elpulpoenelvaso.jlmirall.es\/?p=358\" data-type=\"post\" data-id=\"358\">Pinchad aqu\u00ed<\/a> quien quiera aventurarse.<\/li>\n<\/ul>\n\n\n\n<h2 class=\"wp-block-heading\">Franjas peque\u00f1as, y quien necesite m\u00e1s que coja dos<\/h2>\n\n\n\n<p class=\"wp-block-paragraph\">Aqu\u00ed est\u00e1 el que para m\u00ed es el l\u00edmite gordo de Bookings: <strong>no hay franjas flexibles<\/strong>. No se puede decir \u00abesta reuni\u00f3n dura entre 10 y 30 minutos, que elija cada uno\u00bb. La duraci\u00f3n es fija para todo el tipo de reuni\u00f3n.<\/p>\n\n\n\n<p class=\"wp-block-paragraph\">Con lo cual, si pones 30 minutos, quien s\u00f3lo necesitaba repasar una entrada te ocupa media hora. Y si pones 10, quien lleva un concierto entero se queda corto.<\/p>\n\n\n\n<p class=\"wp-block-paragraph\">La soluci\u00f3n que funciona es <strong>poner la franja peque\u00f1a \u201410 o 15 minutos\u2014 y decirle al alumnado que quien necesite m\u00e1s tiempo reserve dos o tres seguidas<\/strong>. Con 15 minutos, media hora son dos clics. Se explica en la descripci\u00f3n del tipo de reuni\u00f3n, en una l\u00ednea, y no vuelve a preguntarlo nadie.<\/p>\n\n\n\n<p class=\"wp-block-paragraph\">Tiene adem\u00e1s una ventaja que no se ve al principio: reparte mejor. Una franja de 30 minutos invita a cogerla entera \u00abpor si acaso\u00bb; una de 15 obliga a pensar cu\u00e1nto se necesita de verdad.<\/p>\n\n\n\n<h2 class=\"wp-block-heading\">De la fecha de inicio a la fecha final<\/h2>\n\n\n\n<p class=\"wp-block-paragraph\">En <strong>Personalitzaci\u00f3 de la planificaci\u00f3<\/strong> se elige <strong>Utilitza un horari de disponibilitat personalitzat<\/strong>. Es la opci\u00f3n buena: la otra usa tu horario laboral general de Outlook, que no tiene nada que ver con la tarde que dedicas a acompa\u00f1ar.<\/p>\n\n\n\n<p class=\"wp-block-paragraph\">Debajo se marca <strong>Nom\u00e9s durant l&#8217;interval de dates seg\u00fcent<\/strong> y se ponen las dos fechas: <strong>Inici<\/strong> el d\u00eda que empiezan los ensayos y <strong>Final (incl\u00f2s)<\/strong> el \u00faltimo d\u00eda del curso. Fuera de ese rango la p\u00e1gina no ofrece nada, aunque el enlace siga vivo.<\/p>\n\n\n\n<p class=\"wp-block-paragraph\">Y despu\u00e9s, el horario semanal: cada d\u00eda de la semana con su franja horaria, o <em>No es pot reservar<\/em> si ese d\u00eda no hay ensayos. Con el bot\u00f3n <strong>+<\/strong> se a\u00f1aden varios tramos al mismo d\u00eda, que es lo que hace falta cuando hay una hora de comida por medio: 15:00\u201317:00 y 17:30\u201319:00, en vez de un bloque corrido.<\/p>\n\n\n\n<figure class=\"wp-block-image size-large\"><img data-recalc-dims=\"1\" loading=\"lazy\" decoding=\"async\" width=\"1440\" height=\"757\" src=\"https:\/\/i0.wp.com\/elpulpoenelvaso.jlmirall.es\/wp-content\/uploads\/2026\/09\/bookings-03-rango-fechas-horario.jpg?resize=1440%2C757&#038;ssl=1\" alt=\"Configuraci\u00f3n del horario: casilla de intervalo de fechas marcada con inicio 14\/9\/2026 y final 11\/6\/2027, y debajo los siete d\u00edas de la semana; s\u00f3lo el jueves tiene franja, de 15:00 a 18:00.\" class=\"wp-image-788\" srcset=\"https:\/\/i0.wp.com\/elpulpoenelvaso.jlmirall.es\/wp-content\/uploads\/2026\/09\/bookings-03-rango-fechas-horario.jpg?w=1440&amp;ssl=1 1440w, https:\/\/i0.wp.com\/elpulpoenelvaso.jlmirall.es\/wp-content\/uploads\/2026\/09\/bookings-03-rango-fechas-horario.jpg?resize=300%2C158&amp;ssl=1 300w, https:\/\/i0.wp.com\/elpulpoenelvaso.jlmirall.es\/wp-content\/uploads\/2026\/09\/bookings-03-rango-fechas-horario.jpg?resize=1024%2C538&amp;ssl=1 1024w, https:\/\/i0.wp.com\/elpulpoenelvaso.jlmirall.es\/wp-content\/uploads\/2026\/09\/bookings-03-rango-fechas-horario.jpg?resize=768%2C404&amp;ssl=1 768w\" sizes=\"auto, (max-width: 1000px) 100vw, 1000px\" \/><figcaption class=\"wp-element-caption\">Todo el curso de una vez, y un solo d\u00eda de la semana abierto. Los dem\u00e1s, \u00abno es pot reservar\u00bb.<\/figcaption><\/figure>\n\n\n\n<p class=\"wp-block-paragraph\">F\u00edjate en lo que acaba de pasar: has dicho \u00abtodos los jueves de 15:00 a 18:00, de septiembre a junio\u00bb. <strong>Todos.<\/strong> Los de Navidad tambi\u00e9n. Guarda ese pensamiento, que es la secci\u00f3n que viene despu\u00e9s de la siguiente.<\/p>\n\n\n\n<h2 class=\"wp-block-heading\">Intervalos, m\u00e1rgenes y antelaciones<\/h2>\n\n\n\n<p class=\"wp-block-paragraph\">Debajo del horario hay un bot\u00f3n discreto, <strong>Opcions avan\u00e7ades<\/strong>, donde est\u00e1 lo que de verdad hace que la p\u00e1gina se comporte bien.<\/p>\n\n\n\n<figure class=\"wp-block-image size-large\"><img data-recalc-dims=\"1\" loading=\"lazy\" decoding=\"async\" width=\"1440\" height=\"757\" src=\"https:\/\/i0.wp.com\/elpulpoenelvaso.jlmirall.es\/wp-content\/uploads\/2026\/09\/bookings-04-intervalos-antelaciones-recordatorio.jpg?resize=1440%2C757&#038;ssl=1\" alt=\"Opciones avanzadas: tiempo de margen antes y despu\u00e9s de la reuni\u00f3n, hora l\u00edmite de inicio en intervalos de 15 minutos, antelaci\u00f3n m\u00ednima de 2 d\u00edas, antelaci\u00f3n m\u00e1xima de 90 d\u00edas, y el bloque de recordatorios por correo.\" class=\"wp-image-789\" srcset=\"https:\/\/i0.wp.com\/elpulpoenelvaso.jlmirall.es\/wp-content\/uploads\/2026\/09\/bookings-04-intervalos-antelaciones-recordatorio.jpg?w=1440&amp;ssl=1 1440w, https:\/\/i0.wp.com\/elpulpoenelvaso.jlmirall.es\/wp-content\/uploads\/2026\/09\/bookings-04-intervalos-antelaciones-recordatorio.jpg?resize=300%2C158&amp;ssl=1 300w, https:\/\/i0.wp.com\/elpulpoenelvaso.jlmirall.es\/wp-content\/uploads\/2026\/09\/bookings-04-intervalos-antelaciones-recordatorio.jpg?resize=1024%2C538&amp;ssl=1 1024w, https:\/\/i0.wp.com\/elpulpoenelvaso.jlmirall.es\/wp-content\/uploads\/2026\/09\/bookings-04-intervalos-antelaciones-recordatorio.jpg?resize=768%2C404&amp;ssl=1 768w\" sizes=\"auto, (max-width: 1000px) 100vw, 1000px\" \/><figcaption class=\"wp-element-caption\">M\u00e1rgenes, intervalos de inicio y las dos antelaciones. Cuatro desplegables que evitan la mitad de los disgustos.<\/figcaption><\/figure>\n\n\n\n<ul class=\"wp-block-list\">\n<li><strong>Temps de marge abans \/ despr\u00e9s de la reuni\u00f3.<\/strong> Minutos que Bookings deja libres alrededor de cada cita. Si necesitas cinco minutos entre alumno y alumno para cambiar partituras y abrir la ventana, aqu\u00ed es donde se ponen. Ojo: el margen se come franjas, as\u00ed que con reservas de 15 minutos y 5 de margen la tarde cunde bastante menos.<\/li>\n\n\n\n<li><strong>Hora l\u00edmit d&#8217;inici.<\/strong> Cada cu\u00e1nto empieza una franja. Puesto en <em>intervals de 15 minuts<\/em>, las horas que se ofrecen son 15:00, 15:15, 15:30\u2026 Si lo dejas en intervalos m\u00e1s largos que la reuni\u00f3n, quedan huecos muertos entre citas.<\/li>\n\n\n\n<li><strong>Antelaci\u00f3 m\u00ednima.<\/strong> Con cu\u00e1nto tiempo hay que reservar como poco. Es la que evita que alguien coja hora a las 16:40 para las 16:45 mientras subes las escaleras. Dos d\u00edas va bien: te da margen para organizar la tarde y para que nadie te sorprenda.<\/li>\n\n\n\n<li><strong>Antelaci\u00f3 m\u00e0xima.<\/strong> Hasta d\u00f3nde se puede reservar hacia adelante. Sin esto, alguien previsor te coge los jueves de mayo en octubre. Con 90 d\u00edas el horizonte es de un trimestre, que es m\u00e1s o menos como funciona un conservatorio.<\/li>\n<\/ul>\n\n\n\n<h2 class=\"wp-block-heading\">Los correos: los que salen solos y el que programas t\u00fa<\/h2>\n\n\n\n<p class=\"wp-block-paragraph\">Conviene separar dos cosas, porque se confunden.<\/p>\n\n\n\n<h3 class=\"wp-block-heading\">Los autom\u00e1ticos<\/h3>\n\n\n\n<p class=\"wp-block-paragraph\">No hay que configurarlos, salen solos. <strong>Cuando alguien coge hora, s\u00ed, llega correo.<\/strong> A quien reserva le llega la confirmaci\u00f3n con el d\u00eda, la hora, la ubicaci\u00f3n y los enlaces para <strong>cancelar o cambiar<\/strong> su cita sin tener que escribirte. Y a ti te llega el aviso, y el ensayo aparece ya puesto en tu calendario de Outlook con el nombre de la persona. Lo mismo cuando alguien cancela o se cambia de hora.<\/p>\n\n\n\n<p class=\"wp-block-paragraph\">Eso es media guerra ganada: la agenda del pianista deja de vivir en un papel y pasa a vivir en su calendario, sola.<\/p>\n\n\n\n<h3 class=\"wp-block-heading\">El recordatorio, que s\u00ed se programa<\/h3>\n\n\n\n<p class=\"wp-block-paragraph\">En las mismas opciones avanzadas, m\u00e1s abajo, est\u00e1 <strong>Recordatoris per correu<\/strong>. Se pulsa <strong>Afegeix un correu electr\u00f2nic de recordatori<\/strong> y se rellenan dos cosas:<\/p>\n\n\n\n<ul class=\"wp-block-list\">\n<li><strong>Intervals<\/strong>: cu\u00e1ndo se manda. <em>1 dia abans<\/em> es lo razonable para un ensayo semanal. Si la gente falla mucho, se pueden poner dos recordatorios, uno el d\u00eda antes y otro un par de horas antes.<\/li>\n\n\n\n<li><strong>Missatge<\/strong>: el texto, opcional y con formato. Aqu\u00ed va lo que hay que traer: \u00abRecuerda venir con la partitura del pianista y afinado desde antes de entrar; si no puedes venir, cancela desde el correo de confirmaci\u00f3n para que la franja quede libre\u00bb.<\/li>\n<\/ul>\n\n\n\n<figure class=\"wp-block-image size-large\"><img data-recalc-dims=\"1\" loading=\"lazy\" decoding=\"async\" width=\"1440\" height=\"757\" src=\"https:\/\/i0.wp.com\/elpulpoenelvaso.jlmirall.es\/wp-content\/uploads\/2026\/09\/bookings-05-editor-recordatorio.jpg?resize=1440%2C757&#038;ssl=1\" alt=\"Editor del correo de recordatorio: desplegable de intervalo con 1 d\u00eda antes seleccionado y un cuadro de texto con formato para escribir el mensaje.\" class=\"wp-image-790\" srcset=\"https:\/\/i0.wp.com\/elpulpoenelvaso.jlmirall.es\/wp-content\/uploads\/2026\/09\/bookings-05-editor-recordatorio.jpg?w=1440&amp;ssl=1 1440w, https:\/\/i0.wp.com\/elpulpoenelvaso.jlmirall.es\/wp-content\/uploads\/2026\/09\/bookings-05-editor-recordatorio.jpg?resize=300%2C158&amp;ssl=1 300w, https:\/\/i0.wp.com\/elpulpoenelvaso.jlmirall.es\/wp-content\/uploads\/2026\/09\/bookings-05-editor-recordatorio.jpg?resize=1024%2C538&amp;ssl=1 1024w, https:\/\/i0.wp.com\/elpulpoenelvaso.jlmirall.es\/wp-content\/uploads\/2026\/09\/bookings-05-editor-recordatorio.jpg?resize=768%2C404&amp;ssl=1 768w\" sizes=\"auto, (max-width: 1000px) 100vw, 1000px\" \/><figcaption class=\"wp-element-caption\">El recordatorio: cu\u00e1ndo se manda y qu\u00e9 dice. Esa \u00faltima frase sobre cancelar libera m\u00e1s franjas de las que parece.<\/figcaption><\/figure>\n\n\n\n<p class=\"wp-block-paragraph\">Justo debajo hay un <strong>Seguiment de correu<\/strong>, que manda un mensaje <em>despu\u00e9s<\/em> de la cita. Para un ensayo no suele hacer falta, pero si alg\u00fan curso quieres recoger c\u00f3mo ha ido, est\u00e1 ah\u00ed.<\/p>\n\n\n\n<p class=\"wp-block-paragraph\">Y no se te olvide darle a <strong>Desa<\/strong> arriba del todo. Guardar el correo de recordatorio no guarda el tipo de reuni\u00f3n.<\/p>\n\n\n\n<h2 class=\"wp-block-heading\">El agujero: Bookings no sabe qu\u00e9 d\u00edas son fiesta<\/h2>\n\n\n\n<p class=\"wp-block-paragraph\">Volvemos al pensamiento que dejamos guardado. Le has dicho \u00abtodos los jueves de 15:00 a 18:00 desde septiembre hasta junio\u00bb, y eso es exactamente lo que va a hacer. <strong>No filtra festivos, no sabe que hay vacaciones de Navidad, no se entera de que ese jueves hay audici\u00f3n de cuerda y el pianista est\u00e1 tocando en el sal\u00f3n de actos.<\/strong> Ofrecer\u00e1 esas horas tan contento, y alguien las coger\u00e1.<\/p>\n\n\n\n<p class=\"wp-block-paragraph\">La buena noticia es que <strong>s\u00ed respeta tu calendario<\/strong>. Bookings mira los huecos libres de Outlook: si hay un evento marcado como ocupado encima de una franja, esa franja desaparece de la p\u00e1gina. As\u00ed que el arreglo es ir al calendario y taparlo a mano.<\/p>\n\n\n\n<h3 class=\"wp-block-heading\">C\u00f3mo se bloquea una semana<\/h3>\n\n\n\n<p class=\"wp-block-paragraph\">En <a href=\"https:\/\/outlook.office.com\/calendar\/\" target=\"_blank\" rel=\"noreferrer noopener\">el calendario de Outlook<\/a>, <strong>Esdeveniment nou<\/strong>.<\/p>\n\n\n\n<figure class=\"wp-block-image size-large\"><img data-recalc-dims=\"1\" loading=\"lazy\" decoding=\"async\" width=\"1512\" height=\"795\" src=\"https:\/\/i0.wp.com\/elpulpoenelvaso.jlmirall.es\/wp-content\/uploads\/2026\/09\/bookings-10-evento-nuevo-outlook.jpg?resize=1512%2C795&#038;ssl=1\" alt=\"Formulario de evento nuevo en Outlook, con la barra superior donde est\u00e1n los botones Desa, Esdeveniment, S\u00e8rie y el desplegable Ocupat.\" class=\"wp-image-795\" srcset=\"https:\/\/i0.wp.com\/elpulpoenelvaso.jlmirall.es\/wp-content\/uploads\/2026\/09\/bookings-10-evento-nuevo-outlook.jpg?w=1512&amp;ssl=1 1512w, https:\/\/i0.wp.com\/elpulpoenelvaso.jlmirall.es\/wp-content\/uploads\/2026\/09\/bookings-10-evento-nuevo-outlook.jpg?resize=300%2C158&amp;ssl=1 300w, https:\/\/i0.wp.com\/elpulpoenelvaso.jlmirall.es\/wp-content\/uploads\/2026\/09\/bookings-10-evento-nuevo-outlook.jpg?resize=1024%2C538&amp;ssl=1 1024w, https:\/\/i0.wp.com\/elpulpoenelvaso.jlmirall.es\/wp-content\/uploads\/2026\/09\/bookings-10-evento-nuevo-outlook.jpg?resize=768%2C404&amp;ssl=1 768w\" sizes=\"auto, (max-width: 1000px) 100vw, 1000px\" \/><figcaption class=\"wp-element-caption\">El evento nuevo. Los dos botones que importan est\u00e1n arriba: \u00abS\u00e8rie\u00bb y el desplegable de disponibilidad.<\/figcaption><\/figure>\n\n\n\n<ol class=\"wp-block-list\">\n<li><strong>Un t\u00edtulo que reconozcas de un vistazo.<\/strong> Yo uso siempre el mismo prefijo \u2014<em>BLOQUEO PPA<\/em>\u2014 y luego el motivo: <em>BLOQUEO PPA Navidad<\/em>, <em>BLOQUEO PPA audici\u00f3n de cuerda<\/em>. As\u00ed, cuando algo no cuadra, sabes de un golpe de vista qu\u00e9 est\u00e1 tapando qu\u00e9.<\/li>\n\n\n\n<li><strong>Las horas que cubren toda la franja de ensayos.<\/strong> Si los jueves ensayas de 15:00 a 18:00, el bloqueo tiene que ir de 15:00 a 18:00 como poco. Para una semana entera de vacaciones, lo m\u00e1s c\u00f3modo es un evento de todo el d\u00eda que abarque de lunes a domingo.<\/li>\n\n\n\n<li><strong>Marcarlo como <em>Ocupat<\/em>.<\/strong> Este es el paso que se olvida y el que hace que todo lo dem\u00e1s no sirva. En el desplegable de disponibilidad, <em>Disponible<\/em> no bloquea nada: el evento se ve en tu calendario pero Bookings sigue ofreciendo la hora. Tiene que decir <strong>Ocupat<\/strong> \u2014o <em>Fora de l&#8217;oficina<\/em>, que tambi\u00e9n tapa\u2014.<\/li>\n<\/ol>\n\n\n\n<figure class=\"wp-block-image size-large\"><img data-recalc-dims=\"1\" loading=\"lazy\" decoding=\"async\" width=\"1512\" height=\"795\" src=\"https:\/\/i0.wp.com\/elpulpoenelvaso.jlmirall.es\/wp-content\/uploads\/2026\/09\/bookings-11-mostrar-como-ocupado.jpg?resize=1512%2C795&#038;ssl=1\" alt=\"Desplegable de disponibilidad de un evento de Outlook desplegado, con las opciones Disponible, Trabajo en otra ubicaci\u00f3n, Provisional, Ocupado (marcado) y Fuera de la oficina.\" class=\"wp-image-796\" srcset=\"https:\/\/i0.wp.com\/elpulpoenelvaso.jlmirall.es\/wp-content\/uploads\/2026\/09\/bookings-11-mostrar-como-ocupado.jpg?w=1512&amp;ssl=1 1512w, https:\/\/i0.wp.com\/elpulpoenelvaso.jlmirall.es\/wp-content\/uploads\/2026\/09\/bookings-11-mostrar-como-ocupado.jpg?resize=300%2C158&amp;ssl=1 300w, https:\/\/i0.wp.com\/elpulpoenelvaso.jlmirall.es\/wp-content\/uploads\/2026\/09\/bookings-11-mostrar-como-ocupado.jpg?resize=1024%2C538&amp;ssl=1 1024w, https:\/\/i0.wp.com\/elpulpoenelvaso.jlmirall.es\/wp-content\/uploads\/2026\/09\/bookings-11-mostrar-como-ocupado.jpg?resize=768%2C404&amp;ssl=1 768w\" sizes=\"auto, (max-width: 1000px) 100vw, 1000px\" \/><figcaption class=\"wp-element-caption\">El desplegable que decide si el bloqueo bloquea de verdad. \u00abDisponible\u00bb no tapa nada.<\/figcaption><\/figure>\n\n\n\n<p class=\"wp-block-paragraph\">Para lo que se repite \u2014una reuni\u00f3n de departamento fija, un ensayo de la orquesta todos los jueves a \u00faltima hora\u2014 est\u00e1 el bot\u00f3n <strong>S\u00e8rie<\/strong>, que crea el evento repetido de una vez y se puede terminar en una fecha concreta. Y para lo puntual, un evento suelto.<\/p>\n\n\n\n<p class=\"wp-block-paragraph\">Mi consejo: <strong>si\u00e9ntate un rato en septiembre, calendario escolar del centro delante, y bloquea el curso entero de golpe<\/strong>. Navidad, Pascua, Fallas, los festivos locales, la semana de ex\u00e1menes, las audiciones que ya est\u00e9n puestas. Es media hora una vez, y a cambio la p\u00e1gina de reservas no vuelve a mentir en todo el a\u00f1o. Lo que salga despu\u00e9s \u2014una audici\u00f3n que se a\u00f1ade, una baja\u2014 se bloquea el d\u00eda que aparece.<\/p>\n\n\n\n<p class=\"wp-block-paragraph\">Un detalle que ahorra sustos: <strong>bloquear no cancela lo que ya estaba reservado<\/strong>. Si tapas un jueves que alguien ya ten\u00eda cogido, Bookings deja de ofrecer esas horas a partir de ese momento, pero la reserva existente sigue en pie. Hay que cancelarla a mano, que es justo lo que viene ahora.<\/p>\n\n\n\n<p class=\"wp-block-paragraph\">Y tambi\u00e9n puede que se cancele una audici\u00f3n y esa tarde quede de nuevo libre para ensayar; pues borras el evento de bloqueo que te hab\u00edas puesto y ya vuelven a estar las franjas disponibles en la p\u00e1gina de reservas.<\/p>\n\n\n\n<h2 class=\"wp-block-heading\">Cancelar un ensayo ya reservado<\/h2>\n\n\n\n<p class=\"wp-block-paragraph\">Pasa. El pianista se pone enfermo. La cancelaci\u00f3n se hace <strong>desde el calendario de Outlook, no desde Bookings<\/strong>: se abre el evento de la reserva \u2014el que se cre\u00f3 solo, con el nombre del alumno o alumna\u2014 y se elimina.<\/p>\n\n\n\n<p class=\"wp-block-paragraph\">Como la persona que reserv\u00f3 figura como asistente del evento, <strong>Outlook env\u00eda el aviso de cancelaci\u00f3n<\/strong> y deja a\u00f1adir un mensaje antes de mandarlo. Merece la pena escribir dos l\u00edneas explicando el motivo en vez de mandar la cancelaci\u00f3n pelada, que asusta.<\/p>\n\n\n\n<p class=\"wp-block-paragraph\">Y si el motivo es que ese d\u00eda no vas a poder atender a nadie, lo suyo es hacer las dos cosas: cancelar las reservas que hubiera <em>y<\/em> poner el bloqueo, para que no vuelvan a colarse, si tienes un margen muy estrecho para que cojan hora.<\/p>\n\n\n\n<h2 class=\"wp-block-heading\">Compartir el calendario con Jefatura de Estudios<\/h2>\n\n\n\n<p class=\"wp-block-paragraph\">Esta parte es la que convierte un apa\u00f1o personal en algo que el centro puede usar. Si el calendario del pianista est\u00e1 compartido con jefatura, ya no hace falta pedirle a nadie que mande la lista de ensayos: se mira y ya est\u00e1. Sirve para cuadrar audiciones, para justificar la carga de trabajo y para saber si una tarde est\u00e1 saturada antes de programar nada encima.<\/p>\n\n\n\n<p class=\"wp-block-paragraph\">En el calendario de Outlook, arriba, <strong>Comparteix<\/strong> \u2192 el calendario que se quiere compartir (normalmente <em>Calendari<\/em>). Se abre <strong>\u00das compartit i permisos<\/strong>: se escribe el correo de jefatura y se elige el nivel de acceso.<\/p>\n\n\n\n<figure class=\"wp-block-image size-large\"><img data-recalc-dims=\"1\" loading=\"lazy\" decoding=\"async\" width=\"1512\" height=\"795\" src=\"https:\/\/i0.wp.com\/elpulpoenelvaso.jlmirall.es\/wp-content\/uploads\/2026\/09\/bookings-14-compartir-calendario.jpg?resize=1512%2C795&#038;ssl=1\" alt=\"Di\u00e1logo de uso compartido y permisos del calendario: campo para a\u00f1adir una direcci\u00f3n, la entrada general de la organizaci\u00f3n con permiso de ver si estoy ocupado, y una persona concreta con permiso de ver todos los detalles.\" class=\"wp-image-799\" srcset=\"https:\/\/i0.wp.com\/elpulpoenelvaso.jlmirall.es\/wp-content\/uploads\/2026\/09\/bookings-14-compartir-calendario.jpg?w=1512&amp;ssl=1 1512w, https:\/\/i0.wp.com\/elpulpoenelvaso.jlmirall.es\/wp-content\/uploads\/2026\/09\/bookings-14-compartir-calendario.jpg?resize=300%2C158&amp;ssl=1 300w, https:\/\/i0.wp.com\/elpulpoenelvaso.jlmirall.es\/wp-content\/uploads\/2026\/09\/bookings-14-compartir-calendario.jpg?resize=1024%2C538&amp;ssl=1 1024w, https:\/\/i0.wp.com\/elpulpoenelvaso.jlmirall.es\/wp-content\/uploads\/2026\/09\/bookings-14-compartir-calendario.jpg?resize=768%2C404&amp;ssl=1 768w\" sizes=\"auto, (max-width: 1000px) 100vw, 1000px\" \/><figcaption class=\"wp-element-caption\">El di\u00e1logo de permisos. Arriba se invita, abajo se ve qui\u00e9n tiene qu\u00e9.<\/figcaption><\/figure>\n\n\n\n<figure class=\"wp-block-image size-large\"><img data-recalc-dims=\"1\" loading=\"lazy\" decoding=\"async\" width=\"1512\" height=\"795\" src=\"https:\/\/i0.wp.com\/elpulpoenelvaso.jlmirall.es\/wp-content\/uploads\/2026\/09\/bookings-15-niveles-permiso.jpg?resize=1512%2C795&#038;ssl=1\" alt=\"Desplegable de niveles de permiso desplegado, con las opciones ver si estoy ocupado, ver t\u00edtulos y ubicaciones, ver todos los detalles, poder editar y delegado.\" class=\"wp-image-800\" srcset=\"https:\/\/i0.wp.com\/elpulpoenelvaso.jlmirall.es\/wp-content\/uploads\/2026\/09\/bookings-15-niveles-permiso.jpg?w=1512&amp;ssl=1 1512w, https:\/\/i0.wp.com\/elpulpoenelvaso.jlmirall.es\/wp-content\/uploads\/2026\/09\/bookings-15-niveles-permiso.jpg?resize=300%2C158&amp;ssl=1 300w, https:\/\/i0.wp.com\/elpulpoenelvaso.jlmirall.es\/wp-content\/uploads\/2026\/09\/bookings-15-niveles-permiso.jpg?resize=1024%2C538&amp;ssl=1 1024w, https:\/\/i0.wp.com\/elpulpoenelvaso.jlmirall.es\/wp-content\/uploads\/2026\/09\/bookings-15-niveles-permiso.jpg?resize=768%2C404&amp;ssl=1 768w\" sizes=\"auto, (max-width: 1000px) 100vw, 1000px\" \/><figcaption class=\"wp-element-caption\">Los cinco niveles. Para jefatura, \u00abver todos los detalles\u00bb es el punto justo.<\/figcaption><\/figure>\n\n\n\n<p class=\"wp-block-paragraph\">Los niveles, de menos a m\u00e1s:<\/p>\n\n\n\n<ul class=\"wp-block-list\">\n<li><strong>Pot visualitzar si estic ocupat.<\/strong> S\u00f3lo bloques de ocupado, sin saber de qu\u00e9. Poco \u00fatil aqu\u00ed: jefatura ver\u00eda que hay algo, pero no si es un ensayo o el m\u00e9dico.<\/li>\n\n\n\n<li><strong>Pot visualitzar els t\u00edtols i les ubicacions.<\/strong> Ve el nombre del evento y el aula. Suficiente si te da reparo ense\u00f1ar el contenido de todo.<\/li>\n\n\n\n<li><strong>Pot visualitzar tots els detalls.<\/strong> El que yo recomiendo para jefatura: ve el ensayo entero, con qui\u00e9n y a qu\u00e9 hora, que es exactamente lo que se necesita para llevar el control.<\/li>\n\n\n\n<li><strong>Pot editar<\/strong> y <strong>Delegat.<\/strong> Ya son palabras mayores: editar deja tocar tus eventos, y delegado adem\u00e1s permite responder invitaciones en tu nombre. Para esto no hace falta.<\/li>\n<\/ul>\n\n\n\n<p class=\"wp-block-paragraph\">Al pulsar <strong>Comparteix<\/strong> le llega una invitaci\u00f3n por correo; en cuanto la acepte, el calendario le aparece en su Outlook junto a los suyos, y se actualiza solo. Tambi\u00e9n se ve ah\u00ed la l\u00ednea <em>Persones de la meva organitzaci\u00f3<\/em>, que es lo que ve por defecto todo el centro: d\u00e9jala en \u00absi estic ocupat\u00bb y comparte los detalles s\u00f3lo con quien los necesita.<\/p>\n\n\n\n<p class=\"wp-block-paragraph\">Y una cosa que conviene tener presente: en ese calendario hay <strong>nombres de alumnado<\/strong>. Compartirlo con jefatura de estudios est\u00e1 justificado \u2014es gesti\u00f3n del centro\u2014, pero no es un calendario para repartir alegremente. Ese es otro motivo para compartir con personas concretas en vez de abrirlo a toda la organizaci\u00f3n.<\/p>\n\n\n\n<h2 class=\"wp-block-heading\">Compartir la p\u00e1gina con el alumnado<\/h2>\n\n\n\n<p class=\"wp-block-paragraph\">Lo \u00faltimo y lo m\u00e1s f\u00e1cil. Hay dos enlaces distintos y conviene saber cu\u00e1l se reparte.<\/p>\n\n\n\n<ul class=\"wp-block-list\">\n<li><strong>El de un tipo de reuni\u00f3n concreto.<\/strong> Se saca con el icono de compartir de la tarjeta, o con <strong>Comparteix<\/strong> dentro del propio tipo. Lleva directo a reservar <em>ese<\/em> ensayo. Es el bueno si tienes varios tipos y quieres que cada instrumento vaya al suyo.<\/li>\n\n\n\n<li><strong>El de la p\u00e1gina entera.<\/strong> En la portada, <strong>Comparteix<\/strong> \u2192 <em>Copia l&#8217;enlla\u00e7<\/em>. Ense\u00f1a todos los tipos de reuni\u00f3n p\u00fablicos y deja elegir.<\/li>\n<\/ul>\n\n\n\n<figure class=\"wp-block-image size-large\"><img data-recalc-dims=\"1\" loading=\"lazy\" decoding=\"async\" width=\"1440\" height=\"757\" src=\"https:\/\/i0.wp.com\/elpulpoenelvaso.jlmirall.es\/wp-content\/uploads\/2026\/09\/bookings-06-compartir-tipo-reunion.jpg?resize=1440%2C757&#038;ssl=1\" alt=\"Di\u00e1logo de compartir un tipo de reuni\u00f3n, con la tarjeta del ensayo, el campo del enlace con un bot\u00f3n de copiar y un bot\u00f3n de correo electr\u00f3nico.\" class=\"wp-image-791\" srcset=\"https:\/\/i0.wp.com\/elpulpoenelvaso.jlmirall.es\/wp-content\/uploads\/2026\/09\/bookings-06-compartir-tipo-reunion.jpg?w=1440&amp;ssl=1 1440w, https:\/\/i0.wp.com\/elpulpoenelvaso.jlmirall.es\/wp-content\/uploads\/2026\/09\/bookings-06-compartir-tipo-reunion.jpg?resize=300%2C158&amp;ssl=1 300w, https:\/\/i0.wp.com\/elpulpoenelvaso.jlmirall.es\/wp-content\/uploads\/2026\/09\/bookings-06-compartir-tipo-reunion.jpg?resize=1024%2C538&amp;ssl=1 1024w, https:\/\/i0.wp.com\/elpulpoenelvaso.jlmirall.es\/wp-content\/uploads\/2026\/09\/bookings-06-compartir-tipo-reunion.jpg?resize=768%2C404&amp;ssl=1 768w\" sizes=\"auto, (max-width: 1000px) 100vw, 1000px\" \/><figcaption class=\"wp-element-caption\">El enlace de un tipo de reuni\u00f3n concreto, con su bot\u00f3n de copiar.<\/figcaption><\/figure>\n\n\n\n<figure class=\"wp-block-image size-large\"><img data-recalc-dims=\"1\" loading=\"lazy\" decoding=\"async\" width=\"1440\" height=\"757\" src=\"https:\/\/i0.wp.com\/elpulpoenelvaso.jlmirall.es\/wp-content\/uploads\/2026\/09\/bookings-07-compartir-pagina.jpg?resize=1440%2C757&#038;ssl=1\" alt=\"Men\u00fa Comparteix desplegado en la portada de Bookings con tres opciones: copiar el enlace, compartir por correo y configuraci\u00f3n de la firma de correo electr\u00f3nico.\" class=\"wp-image-792\" srcset=\"https:\/\/i0.wp.com\/elpulpoenelvaso.jlmirall.es\/wp-content\/uploads\/2026\/09\/bookings-07-compartir-pagina.jpg?w=1440&amp;ssl=1 1440w, https:\/\/i0.wp.com\/elpulpoenelvaso.jlmirall.es\/wp-content\/uploads\/2026\/09\/bookings-07-compartir-pagina.jpg?resize=300%2C158&amp;ssl=1 300w, https:\/\/i0.wp.com\/elpulpoenelvaso.jlmirall.es\/wp-content\/uploads\/2026\/09\/bookings-07-compartir-pagina.jpg?resize=1024%2C538&amp;ssl=1 1024w, https:\/\/i0.wp.com\/elpulpoenelvaso.jlmirall.es\/wp-content\/uploads\/2026\/09\/bookings-07-compartir-pagina.jpg?resize=768%2C404&amp;ssl=1 768w\" sizes=\"auto, (max-width: 1000px) 100vw, 1000px\" \/><figcaption class=\"wp-element-caption\">El men\u00fa de la p\u00e1gina entera. La tercera opci\u00f3n mete el enlace en tu firma de correo, que no es mala idea.<\/figcaption><\/figure>\n\n\n\n<p class=\"wp-block-paragraph\">El enlace es largo y feo, as\u00ed que <strong>no lo dictes en clase<\/strong>. Donde funciona de verdad es colgado en el aula virtual del centro, en un tabl\u00f3n de Aules o Teams, en un correo a las familias, y \u2014lo que mejor resultado da\u2014 en un <strong>QR impreso en la puerta del aula de piano<\/strong>. Se apunta con el m\u00f3vil y se reserva ah\u00ed mismo.<\/p>\n\n\n\n<p class=\"wp-block-paragraph\">Esto es lo que ve quien entra:<\/p>\n\n\n\n<figure class=\"wp-block-image size-large\"><img data-recalc-dims=\"1\" loading=\"lazy\" decoding=\"async\" width=\"1512\" height=\"795\" src=\"https:\/\/i0.wp.com\/elpulpoenelvaso.jlmirall.es\/wp-content\/uploads\/2026\/09\/bookings-08-pagina-alumnado.jpg?resize=1512%2C795&#038;ssl=1\" alt=\"P\u00e1gina p\u00fablica de reservas vista por el alumnado: foto y nombre del docente y, debajo, la tarjeta del tipo de reuni\u00f3n con su duraci\u00f3n y sus instrucciones.\" class=\"wp-image-793\" srcset=\"https:\/\/i0.wp.com\/elpulpoenelvaso.jlmirall.es\/wp-content\/uploads\/2026\/09\/bookings-08-pagina-alumnado.jpg?w=1512&amp;ssl=1 1512w, https:\/\/i0.wp.com\/elpulpoenelvaso.jlmirall.es\/wp-content\/uploads\/2026\/09\/bookings-08-pagina-alumnado.jpg?resize=300%2C158&amp;ssl=1 300w, https:\/\/i0.wp.com\/elpulpoenelvaso.jlmirall.es\/wp-content\/uploads\/2026\/09\/bookings-08-pagina-alumnado.jpg?resize=1024%2C538&amp;ssl=1 1024w, https:\/\/i0.wp.com\/elpulpoenelvaso.jlmirall.es\/wp-content\/uploads\/2026\/09\/bookings-08-pagina-alumnado.jpg?resize=768%2C404&amp;ssl=1 768w\" sizes=\"auto, (max-width: 1000px) 100vw, 1000px\" \/><figcaption class=\"wp-element-caption\">La p\u00e1gina tal como la ve el alumnado. Las instrucciones de la descripci\u00f3n salen aqu\u00ed.<\/figcaption><\/figure>\n\n\n\n<figure class=\"wp-block-image size-large\"><img data-recalc-dims=\"1\" loading=\"lazy\" decoding=\"async\" width=\"1512\" height=\"795\" src=\"https:\/\/i0.wp.com\/elpulpoenelvaso.jlmirall.es\/wp-content\/uploads\/2026\/09\/bookings-09-franjas-alumnado.jpg?resize=1512%2C795&#038;ssl=1\" alt=\"Selector de horas de la p\u00e1gina de reservas: un calendario del mes con s\u00f3lo unos d\u00edas marcados como disponibles y, al lado, la lista de franjas de quince minutos desde las 15:00.\" class=\"wp-image-794\" srcset=\"https:\/\/i0.wp.com\/elpulpoenelvaso.jlmirall.es\/wp-content\/uploads\/2026\/09\/bookings-09-franjas-alumnado.jpg?w=1512&amp;ssl=1 1512w, https:\/\/i0.wp.com\/elpulpoenelvaso.jlmirall.es\/wp-content\/uploads\/2026\/09\/bookings-09-franjas-alumnado.jpg?resize=300%2C158&amp;ssl=1 300w, https:\/\/i0.wp.com\/elpulpoenelvaso.jlmirall.es\/wp-content\/uploads\/2026\/09\/bookings-09-franjas-alumnado.jpg?resize=1024%2C538&amp;ssl=1 1024w, https:\/\/i0.wp.com\/elpulpoenelvaso.jlmirall.es\/wp-content\/uploads\/2026\/09\/bookings-09-franjas-alumnado.jpg?resize=768%2C404&amp;ssl=1 768w\" sizes=\"auto, (max-width: 1000px) 100vw, 1000px\" \/><figcaption class=\"wp-element-caption\">Las franjas de 15 minutos. En el calendario s\u00f3lo se marcan los d\u00edas que sobreviven al horario, a las antelaciones y a los bloqueos.<\/figcaption><\/figure>\n\n\n\n<p class=\"wp-block-paragraph\">Esa segunda captura resume la entrada entera: de un curso completo de jueves, s\u00f3lo unos pocos d\u00edas quedan marcados. Lo dem\u00e1s lo han descartado el horario semanal, el rango de fechas, las antelaciones y los bloqueos del calendario. Cada d\u00eda que se ofrece, se ofrece porque es verdad.<\/p>\n\n\n\n<h2 class=\"wp-block-heading\">Lo que no hace (y conviene saber antes)<\/h2>\n\n\n\n<ul class=\"wp-block-list\">\n<li><strong>No hay franjas flexibles.<\/strong> Una duraci\u00f3n por tipo de reuni\u00f3n, y punto. De ah\u00ed lo de poner franjas cortas y encadenarlas.<\/li>\n\n\n\n<li><strong>No sabe nada del calendario escolar.<\/strong> Ni festivos, ni vacaciones, ni audiciones. Todo eso se tapa a mano desde Outlook, y si se olvida, la p\u00e1gina ofrece horas que no existen.<\/li>\n\n\n\n<li><strong>Nadie impide reservar cinco franjas seguidas.<\/strong> No hay tope por persona. Si alg\u00fan curso se convierte en problema, se arregla hablando, no configurando.<\/li>\n\n\n\n<li><strong>Necesita licencia A3.<\/strong> Con A1 no aparece la p\u00e1gina personal, y no hay manera de rodearlo.<\/li>\n\n\n\n<li><strong>El aula no se reserva sola.<\/strong> Bookings gestiona el tiempo del pianista, no el espacio. Si el aula de piano la comparten varios, ese cuadrante sigue siendo otro problema.<\/li>\n<\/ul>\n\n\n\n<h2 class=\"wp-block-heading\">Media hora en septiembre<\/h2>\n\n\n\n<p class=\"wp-block-paragraph\">Montar esto lleva un rato: crear el tipo de reuni\u00f3n, poner el horario y las fechas, ajustar antelaciones, escribir el recordatorio y bloquear el curso entero. Media hora larga, una vez al a\u00f1o.<\/p>\n\n\n\n<p class=\"wp-block-paragraph\">A cambio, el pianista acompa\u00f1ante deja de ser una centralita. El alumnado se organiza solo, cada uno recibe su recordatorio, jefatura ve los ensayos sin pedirlos, y las horas que se ofrecen son horas que existen de verdad. Que no es poco para una herramienta que ya estaba pagada.<\/p>\n\n\n\n<p class=\"wp-block-paragraph\"><\/p>\n\n\n\n<p class=\"wp-block-paragraph\"><div class=\"ko-fi-button\" data-text=\"\u00bfMe invitas a un \u2615\ufe0f?\" data-color=\"#ff5f5f\" data-code=\"miralles\" id=\"kofiShortcode874Html\" style=\"float: none; text-align: left;\" data-title=\"\"><\/div><\/p>\n","protected":false},"excerpt":{"rendered":"<p>C\u00f3mo montar una p\u00e1gina de reservas personal en Microsoft Bookings para que el alumnado se coja solo el ensayo con el pianista acompa\u00f1ante: franjas, fechas, antelaciones, correos de aviso, c\u00f3mo bloquear festivos y audiciones desde Outlook y c\u00f3mo compartir el calendario con jefatura de estudios.<\/p>\n","protected":false},"author":1,"featured_media":794,"comment_status":"open","ping_status":"open","sticky":false,"template":"","format":"standard","meta":{"_jetpack_newsletter_access":"","_jetpack_dont_email_post_to_subs":false,"_jetpack_newsletter_tier_id":0,"_jetpack_memberships_contains_paywalled_content":false,"_jetpack_feature_clip_id":0,"_jetpack_memberships_contains_paid_content":false,"footnotes":"","jetpack_publicize_message":"","jetpack_publicize_feature_enabled":true,"jetpack_social_post_already_shared":true,"jetpack_social_options":{"image_generator_settings":{"template":"highway","default_image_id":0,"font":"","enabled":false},"version":2},"jetpack_post_was_ever_published":false},"categories":[1],"tags":[14,8],"class_list":["post-801","post","type-post","status-publish","format-standard","has-post-thumbnail","hentry","category-uncategorized","tag-gestion-educativa","tag-tecnologia"],"jetpack_publicize_connections":[],"jetpack-related-posts":[{"id":64,"url":"https:\/\/elpulpoenelvaso.jlmirall.es\/?p=64","url_meta":{"origin":801,"position":0},"title":"Software para Conservatorios","author":"admin","date":"enero 23, 2023","format":false,"excerpt":"Muchas veces me veo en la tesitura de ense\u00f1ar diferentes aplicaciones que pueden ser de utilidad para los estudiantes de m\u00fasica en conservatorios. Bien sea a mis alumnos (de piano, de pedagog\u00eda o de inform\u00e1tica musical) o en cursos de formaci\u00f3n para profesores de conservatorios o escuelas de m\u00fasica. Ha\u2026","rel":"","context":"En \u00abTecnolog\u00eda\u00bb","block_context":{"text":"Tecnolog\u00eda","link":"https:\/\/elpulpoenelvaso.jlmirall.es\/?tag=tecnologia"},"img":{"alt_text":"","src":"https:\/\/i0.wp.com\/elpulpoenelvaso.jlmirall.es\/wp-content\/uploads\/2024\/02\/Design-3.jpg?fit=1080%2C1080&ssl=1&resize=350%2C200","width":350,"height":200,"srcset":"https:\/\/i0.wp.com\/elpulpoenelvaso.jlmirall.es\/wp-content\/uploads\/2024\/02\/Design-3.jpg?fit=1080%2C1080&ssl=1&resize=350%2C200 1x, https:\/\/i0.wp.com\/elpulpoenelvaso.jlmirall.es\/wp-content\/uploads\/2024\/02\/Design-3.jpg?fit=1080%2C1080&ssl=1&resize=525%2C300 1.5x, https:\/\/i0.wp.com\/elpulpoenelvaso.jlmirall.es\/wp-content\/uploads\/2024\/02\/Design-3.jpg?fit=1080%2C1080&ssl=1&resize=700%2C400 2x, https:\/\/i0.wp.com\/elpulpoenelvaso.jlmirall.es\/wp-content\/uploads\/2024\/02\/Design-3.jpg?fit=1080%2C1080&ssl=1&resize=1050%2C600 3x"},"classes":[]},{"id":383,"url":"https:\/\/elpulpoenelvaso.jlmirall.es\/?p=383","url_meta":{"origin":801,"position":1},"title":"\u00bfVolver\u00e1n las oscuras golondrinas de la LOGSE?","author":"admin","date":"noviembre 8, 2024","format":false,"excerpt":"Lo siguiente es un art\u00edculo que escrib\u00ed hace a\u00f1os, el cu\u00e1l finalmente descart\u00e9 para su publicaci\u00f3n acad\u00e9mica, puesto que acab\u00e9 desarrollando alguno de sus apartados por separado en otras publicaciones y conferencias. Pero se perdi\u00f3 el esp\u00edritu de lo que aqu\u00ed intentaba hacer, un relato de los cambios profundos que\u2026","rel":"","context":"En \u00abinvestigaci\u00f3n\u00bb","block_context":{"text":"investigaci\u00f3n","link":"https:\/\/elpulpoenelvaso.jlmirall.es\/?tag=investigacion"},"img":{"alt_text":"","src":"https:\/\/i0.wp.com\/elpulpoenelvaso.jlmirall.es\/wp-content\/uploads\/2024\/11\/DALL%C2%B7E-2024-11-08-10.17.07-A-hyper-realistic-photograph-of-a-dark-swallow-perched-on-top-of-a-thick-legal-book-titled-Ley-Organica-de-Educacion.-The-scene-captures-the-swallow.jpg?fit=1024%2C1024&ssl=1&resize=350%2C200","width":350,"height":200,"srcset":"https:\/\/i0.wp.com\/elpulpoenelvaso.jlmirall.es\/wp-content\/uploads\/2024\/11\/DALL%C2%B7E-2024-11-08-10.17.07-A-hyper-realistic-photograph-of-a-dark-swallow-perched-on-top-of-a-thick-legal-book-titled-Ley-Organica-de-Educacion.-The-scene-captures-the-swallow.jpg?fit=1024%2C1024&ssl=1&resize=350%2C200 1x, https:\/\/i0.wp.com\/elpulpoenelvaso.jlmirall.es\/wp-content\/uploads\/2024\/11\/DALL%C2%B7E-2024-11-08-10.17.07-A-hyper-realistic-photograph-of-a-dark-swallow-perched-on-top-of-a-thick-legal-book-titled-Ley-Organica-de-Educacion.-The-scene-captures-the-swallow.jpg?fit=1024%2C1024&ssl=1&resize=525%2C300 1.5x, https:\/\/i0.wp.com\/elpulpoenelvaso.jlmirall.es\/wp-content\/uploads\/2024\/11\/DALL%C2%B7E-2024-11-08-10.17.07-A-hyper-realistic-photograph-of-a-dark-swallow-perched-on-top-of-a-thick-legal-book-titled-Ley-Organica-de-Educacion.-The-scene-captures-the-swallow.jpg?fit=1024%2C1024&ssl=1&resize=700%2C400 2x"},"classes":[]},{"id":404,"url":"https:\/\/elpulpoenelvaso.jlmirall.es\/?p=404","url_meta":{"origin":801,"position":2},"title":"La Educaci\u00f3n Musical sufre Bullying","author":"admin","date":"diciembre 9, 2024","format":false,"excerpt":"La m\u00fasica en el sistema educativo espa\u00f1ol ocupa una posici\u00f3n compleja y frecuentemente cuestionada. Este art\u00edculo examina las relaciones entre diferentes \u00e1reas de conocimiento en el curr\u00edculo escolar, comparando la dedicaci\u00f3n horaria entre asignaturas y analizando la divisi\u00f3n institucional entre universidades y conservatorios. A trav\u00e9s de datos concretos y ejemplos\u2026","rel":"","context":"En \u00abinvestigaci\u00f3n\u00bb","block_context":{"text":"investigaci\u00f3n","link":"https:\/\/elpulpoenelvaso.jlmirall.es\/?tag=investigacion"},"img":{"alt_text":"","src":"https:\/\/i0.wp.com\/elpulpoenelvaso.jlmirall.es\/wp-content\/uploads\/2024\/12\/6d8a185d-3b54-44cc-93f3-da5996c4071f.jpg?fit=1024%2C1024&ssl=1&resize=350%2C200","width":350,"height":200,"srcset":"https:\/\/i0.wp.com\/elpulpoenelvaso.jlmirall.es\/wp-content\/uploads\/2024\/12\/6d8a185d-3b54-44cc-93f3-da5996c4071f.jpg?fit=1024%2C1024&ssl=1&resize=350%2C200 1x, https:\/\/i0.wp.com\/elpulpoenelvaso.jlmirall.es\/wp-content\/uploads\/2024\/12\/6d8a185d-3b54-44cc-93f3-da5996c4071f.jpg?fit=1024%2C1024&ssl=1&resize=525%2C300 1.5x, https:\/\/i0.wp.com\/elpulpoenelvaso.jlmirall.es\/wp-content\/uploads\/2024\/12\/6d8a185d-3b54-44cc-93f3-da5996c4071f.jpg?fit=1024%2C1024&ssl=1&resize=700%2C400 2x"},"classes":[]},{"id":138,"url":"https:\/\/elpulpoenelvaso.jlmirall.es\/?p=138","url_meta":{"origin":801,"position":3},"title":"Situaci\u00f3n de aprendizaje para cuando vuelves de un largo permiso","author":"admin","date":"marzo 30, 2023","format":false,"excerpt":"He dise\u00f1ado una situaci\u00f3n de aprendizaje para organizar la primera clase de vuelta despu\u00e9s de un permiso de paternidad, d\u00f3nde yo soy un nuevo alumno que llega al aula y hay que \"ponerle al d\u00eda\".","rel":"","context":"En \u00abPedagog\u00eda\u00bb","block_context":{"text":"Pedagog\u00eda","link":"https:\/\/elpulpoenelvaso.jlmirall.es\/?tag=pedagogia"},"img":{"alt_text":"","src":"https:\/\/i0.wp.com\/elpulpoenelvaso.jlmirall.es\/wp-content\/uploads\/2023\/02\/Designer-2.png?fit=1080%2C1080&ssl=1&resize=350%2C200","width":350,"height":200,"srcset":"https:\/\/i0.wp.com\/elpulpoenelvaso.jlmirall.es\/wp-content\/uploads\/2023\/02\/Designer-2.png?fit=1080%2C1080&ssl=1&resize=350%2C200 1x, https:\/\/i0.wp.com\/elpulpoenelvaso.jlmirall.es\/wp-content\/uploads\/2023\/02\/Designer-2.png?fit=1080%2C1080&ssl=1&resize=525%2C300 1.5x, https:\/\/i0.wp.com\/elpulpoenelvaso.jlmirall.es\/wp-content\/uploads\/2023\/02\/Designer-2.png?fit=1080%2C1080&ssl=1&resize=700%2C400 2x, https:\/\/i0.wp.com\/elpulpoenelvaso.jlmirall.es\/wp-content\/uploads\/2023\/02\/Designer-2.png?fit=1080%2C1080&ssl=1&resize=1050%2C600 3x"},"classes":[]},{"id":718,"url":"https:\/\/elpulpoenelvaso.jlmirall.es\/?p=718","url_meta":{"origin":801,"position":4},"title":"APP para Coordinaci\u00f3n Horaria entre Conservatorios y CEIPs e IES","author":"admin","date":"abril 22, 2026","format":false,"excerpt":"Si trabajas en un conservatorio de m\u00fasica o danza, o en un CEIP o IES que tiene alumnado compartido con un conservatorio, seguramente conoces el l\u00edo que supone la coordinaci\u00f3n horaria. Alumnos que van y vienen entre centros, cursos que no coinciden, desfases que nadie tiene claros hasta que se\u2026","rel":"","context":"En \u00abGesti\u00f3n Educativa\u00bb","block_context":{"text":"Gesti\u00f3n Educativa","link":"https:\/\/elpulpoenelvaso.jlmirall.es\/?tag=gestion-educativa"},"img":{"alt_text":"","src":"https:\/\/i0.wp.com\/elpulpoenelvaso.jlmirall.es\/wp-content\/uploads\/2026\/04\/02-vista-general.png?fit=1044%2C1200&ssl=1&resize=350%2C200","width":350,"height":200,"srcset":"https:\/\/i0.wp.com\/elpulpoenelvaso.jlmirall.es\/wp-content\/uploads\/2026\/04\/02-vista-general.png?fit=1044%2C1200&ssl=1&resize=350%2C200 1x, https:\/\/i0.wp.com\/elpulpoenelvaso.jlmirall.es\/wp-content\/uploads\/2026\/04\/02-vista-general.png?fit=1044%2C1200&ssl=1&resize=525%2C300 1.5x, https:\/\/i0.wp.com\/elpulpoenelvaso.jlmirall.es\/wp-content\/uploads\/2026\/04\/02-vista-general.png?fit=1044%2C1200&ssl=1&resize=700%2C400 2x"},"classes":[]},{"id":149,"url":"https:\/\/elpulpoenelvaso.jlmirall.es\/?p=149","url_meta":{"origin":801,"position":5},"title":"Pedagog\u00eda aplicada a la docencia en Escuelas de M\u00fasica (asignatura de perfil)","author":"admin","date":"septiembre 1, 2023","format":false,"excerpt":"\u00bfQuieres conocer la propuesta original del grupo de trabajo encargado en el dise\u00f1o curricular de la asignatura de perfil de Pedagog\u00eda aplicada a la docencia en Escuelas de M\u00fasica?","rel":"","context":"En \u00abPedagog\u00eda\u00bb","block_context":{"text":"Pedagog\u00eda","link":"https:\/\/elpulpoenelvaso.jlmirall.es\/?tag=pedagogia"},"img":{"alt_text":"","src":"https:\/\/i0.wp.com\/elpulpoenelvaso.jlmirall.es\/wp-content\/uploads\/2023\/08\/Firefly-Un-aula-de-educacion-musical-con-papeles-volando-por-el-aire-e-instrumentos-musicales-por-la.jpg?fit=1024%2C1024&ssl=1&resize=350%2C200","width":350,"height":200,"srcset":"https:\/\/i0.wp.com\/elpulpoenelvaso.jlmirall.es\/wp-content\/uploads\/2023\/08\/Firefly-Un-aula-de-educacion-musical-con-papeles-volando-por-el-aire-e-instrumentos-musicales-por-la.jpg?fit=1024%2C1024&ssl=1&resize=350%2C200 1x, https:\/\/i0.wp.com\/elpulpoenelvaso.jlmirall.es\/wp-content\/uploads\/2023\/08\/Firefly-Un-aula-de-educacion-musical-con-papeles-volando-por-el-aire-e-instrumentos-musicales-por-la.jpg?fit=1024%2C1024&ssl=1&resize=525%2C300 1.5x, https:\/\/i0.wp.com\/elpulpoenelvaso.jlmirall.es\/wp-content\/uploads\/2023\/08\/Firefly-Un-aula-de-educacion-musical-con-papeles-volando-por-el-aire-e-instrumentos-musicales-por-la.jpg?fit=1024%2C1024&ssl=1&resize=700%2C400 2x"},"classes":[]}],"jetpack_sharing_enabled":true,"jetpack_featured_media_url":"https:\/\/i0.wp.com\/elpulpoenelvaso.jlmirall.es\/wp-content\/uploads\/2026\/09\/bookings-09-franjas-alumnado.jpg?fit=1512%2C795&ssl=1","_links":{"self":[{"href":"https:\/\/elpulpoenelvaso.jlmirall.es\/index.php?rest_route=\/wp\/v2\/posts\/801","targetHints":{"allow":["GET"]}}],"collection":[{"href":"https:\/\/elpulpoenelvaso.jlmirall.es\/index.php?rest_route=\/wp\/v2\/posts"}],"about":[{"href":"https:\/\/elpulpoenelvaso.jlmirall.es\/index.php?rest_route=\/wp\/v2\/types\/post"}],"author":[{"embeddable":true,"href":"https:\/\/elpulpoenelvaso.jlmirall.es\/index.php?rest_route=\/wp\/v2\/users\/1"}],"replies":[{"embeddable":true,"href":"https:\/\/elpulpoenelvaso.jlmirall.es\/index.php?rest_route=%2Fwp%2Fv2%2Fcomments&post=801"}],"version-history":[{"count":1,"href":"https:\/\/elpulpoenelvaso.jlmirall.es\/index.php?rest_route=\/wp\/v2\/posts\/801\/revisions"}],"predecessor-version":[{"id":802,"href":"https:\/\/elpulpoenelvaso.jlmirall.es\/index.php?rest_route=\/wp\/v2\/posts\/801\/revisions\/802"}],"wp:featuredmedia":[{"embeddable":true,"href":"https:\/\/elpulpoenelvaso.jlmirall.es\/index.php?rest_route=\/wp\/v2\/media\/794"}],"wp:attachment":[{"href":"https:\/\/elpulpoenelvaso.jlmirall.es\/index.php?rest_route=%2Fwp%2Fv2%2Fmedia&parent=801"}],"wp:term":[{"taxonomy":"category","embeddable":true,"href":"https:\/\/elpulpoenelvaso.jlmirall.es\/index.php?rest_route=%2Fwp%2Fv2%2Fcategories&post=801"},{"taxonomy":"post_tag","embeddable":true,"href":"https:\/\/elpulpoenelvaso.jlmirall.es\/index.php?rest_route=%2Fwp%2Fv2%2Ftags&post=801"}],"curies":[{"name":"wp","href":"https:\/\/api.w.org\/{rel}","templated":true}]}}