{"id":783,"date":"2026-09-02T06:41:56","date_gmt":"2026-09-02T06:41:56","guid":{"rendered":"https:\/\/elpulpoenelvaso.jlmirall.es\/?p=783"},"modified":"2026-09-02T06:41:57","modified_gmt":"2026-09-02T06:41:57","slug":"calendari-un-planificador-de-curso-para-conservatorios","status":"publish","type":"post","link":"https:\/\/elpulpoenelvaso.jlmirall.es\/?p=783","title":{"rendered":"Calendari, un planificador de curso para conservatorios"},"content":{"rendered":"\n<p class=\"wp-block-paragraph\">Cada mes de septiembre pasa lo mismo: hay que cuadrar el curso. Los d\u00edas lectivos que exige la normativa, los tres trimestres, los festivos locales y auton\u00f3micos, la sesi\u00f3n de evaluaci\u00f3n, el plazo para meter las notas en \u00cdTACA, cu\u00e1ndo se ven en WebFam\u00edlia, la firma de las actas, los tres d\u00edas h\u00e1biles de reclamaci\u00f3n\u2026 y que todo eso encaje entre s\u00ed y llegue a quien tiene que llegar.<\/p>\n\n\n\n<p class=\"wp-block-paragraph\">He construido una herramienta para eso y la dejo publicada para quien le sirva: <strong>Calendari<\/strong>, un planificador de calendario escolar y acad\u00e9mico pensado para conservatorios de m\u00fasica y danza.<\/p>\n\n\n\n<p class=\"wp-block-paragraph\"><strong>\ud83d\udc49 <a href=\"https:\/\/jlmirallesb.github.io\/calendari-planificador\/\" target=\"_blank\" rel=\"noreferrer noopener\">Probarla aqu\u00ed<\/a><\/strong> \u00b7 <a href=\"https:\/\/github.com\/JLMirallesB\/calendari-planificador\" target=\"_blank\" rel=\"noreferrer noopener\">c\u00f3digo en GitHub<\/a> (licencia MIT)<\/p>\n\n\n\n<figure class=\"wp-block-image size-large\"><img data-recalc-dims=\"1\" loading=\"lazy\" decoding=\"async\" width=\"1288\" height=\"942\" src=\"https:\/\/i0.wp.com\/elpulpoenelvaso.jlmirall.es\/wp-content\/uploads\/2026\/09\/calendari-inicio.jpg?resize=1288%2C942&#038;ssl=1\" alt=\"Pantalla de inicio de Calendari con cuatro opciones: empezar con el calendario oficial de la Comunitat Valenciana, crear uno nuevo, importar desde archivo o ver los calendarios publicados.\" class=\"wp-image-779\" srcset=\"https:\/\/i0.wp.com\/elpulpoenelvaso.jlmirall.es\/wp-content\/uploads\/2026\/09\/calendari-inicio.jpg?w=1288&amp;ssl=1 1288w, https:\/\/i0.wp.com\/elpulpoenelvaso.jlmirall.es\/wp-content\/uploads\/2026\/09\/calendari-inicio.jpg?resize=300%2C219&amp;ssl=1 300w, https:\/\/i0.wp.com\/elpulpoenelvaso.jlmirall.es\/wp-content\/uploads\/2026\/09\/calendari-inicio.jpg?resize=1024%2C749&amp;ssl=1 1024w, https:\/\/i0.wp.com\/elpulpoenelvaso.jlmirall.es\/wp-content\/uploads\/2026\/09\/calendari-inicio.jpg?resize=768%2C562&amp;ssl=1 768w\" sizes=\"auto, (max-width: 1000px) 100vw, 1000px\" \/><figcaption class=\"wp-element-caption\">Cuatro maneras de empezar. La primera te ahorra teclear los festivos.<\/figcaption><\/figure>\n\n\n\n<p class=\"wp-block-paragraph\">No hay que instalar nada, no hay que registrarse y no hay servidor detr\u00e1s: funciona entera en el navegador y lo que escribes se queda en tu ordenador. Si cierras la pesta\u00f1a, sigue ah\u00ed; si quieres llev\u00e1rtelo a otro sitio, lo exportas a un archivo.<\/p>\n\n\n\n<h2 class=\"wp-block-heading\">Qu\u00e9 hace por ti mientras planificas<\/h2>\n\n\n\n<p class=\"wp-block-paragraph\">La gracia no es dibujar un calendario bonito, es que <strong>las cuentas se hagan solas<\/strong> y que la herramienta te avise de lo que se te est\u00e1 olvidando.<\/p>\n\n\n\n<ul class=\"wp-block-list\">\n<li><strong>Cuenta los d\u00edas lectivos sin que se lo pidas.<\/strong> Del curso entero, de cada trimestre y de cada mes. Cambias una fecha de vacaciones y el n\u00famero se recalcula delante de ti, que es justo lo que uno quiere cuando est\u00e1 negociando d\u00f3nde cae un puente.<\/li>\n\n\n\n<li><strong>Arranca del calendario oficial.<\/strong> Eliges municipio y ense\u00f1anza y te genera el curso con los festivos auton\u00f3micos y locales ya puestos. Si la conselleria publica una correcci\u00f3n, hay un bot\u00f3n para volver a sincronizar que te ense\u00f1a qu\u00e9 cambia antes de tocar nada, y respeta lo que hayas escrito a mano.<\/li>\n\n\n\n<li><strong>Un modo guiado por trimestre.<\/strong> Te va diciendo qu\u00e9 hitos te faltan: prueba de evaluaci\u00f3n te\u00f3rica, semana de revisi\u00f3n, sesi\u00f3n de evaluaci\u00f3n, apertura y cierre de notas en \u00cdTACA, rectificaci\u00f3n del equipo directivo, visibilidad en WebFam\u00edlia, impresi\u00f3n y firma de actas, plazo de reclamaci\u00f3n.<\/li>\n\n\n\n<li><strong>Y puede rellenar esa cascada por ti.<\/strong> Le das la fecha de la sesi\u00f3n de evaluaci\u00f3n y propone el resto contando <em>d\u00edas h\u00e1biles de verdad<\/em>: salt\u00e1ndose fines de semana, festivos y vacaciones de tu propio calendario. No aplica nada sin ense\u00f1arte antes qu\u00e9 va a cambiar.<\/li>\n\n\n\n<li><strong>Avisa de incoherencias.<\/strong> Un fin de curso anterior al inicio, un evento fuera del curso, trimestres solapados, un hito que cae fuera de su trimestre. Avisos, no bloqueos: t\u00fa decides.<\/li>\n\n\n\n<li><strong>Perfiles.<\/strong> Cada fecha decide a qui\u00e9n le importa: docentes, alumnado, administraci\u00f3n\u2026 El claustro no tiene por qu\u00e9 aparecer en el calendario del alumnado, y la fecha de reclamaci\u00f3n de notas s\u00ed.<\/li>\n\n\n\n<li>Deshacer y rehacer, duplicar fechas, copias de seguridad autom\u00e1ticas, y todo en castellano o en valenci\u00e0.<\/li>\n<\/ul>\n\n\n\n<figure class=\"wp-block-image size-large\"><img data-recalc-dims=\"1\" loading=\"lazy\" decoding=\"async\" width=\"1288\" height=\"942\" src=\"https:\/\/i0.wp.com\/elpulpoenelvaso.jlmirall.es\/wp-content\/uploads\/2026\/09\/calendari-calendario-compacto.jpg?resize=1288%2C942&#038;ssl=1\" alt=\"Vista compacta del curso: los meses en cuadr\u00edcula agrupados por trimestre, con los d\u00edas lectivos contados y una leyenda de fechas bajo cada mes.\" class=\"wp-image-780\" srcset=\"https:\/\/i0.wp.com\/elpulpoenelvaso.jlmirall.es\/wp-content\/uploads\/2026\/09\/calendari-calendario-compacto.jpg?w=1288&amp;ssl=1 1288w, https:\/\/i0.wp.com\/elpulpoenelvaso.jlmirall.es\/wp-content\/uploads\/2026\/09\/calendari-calendario-compacto.jpg?resize=300%2C219&amp;ssl=1 300w, https:\/\/i0.wp.com\/elpulpoenelvaso.jlmirall.es\/wp-content\/uploads\/2026\/09\/calendari-calendario-compacto.jpg?resize=1024%2C749&amp;ssl=1 1024w, https:\/\/i0.wp.com\/elpulpoenelvaso.jlmirall.es\/wp-content\/uploads\/2026\/09\/calendari-calendario-compacto.jpg?resize=768%2C562&amp;ssl=1 768w\" sizes=\"auto, (max-width: 1000px) 100vw, 1000px\" \/><figcaption class=\"wp-element-caption\">La vista compacta: el curso entero de un vistazo, con los d\u00edas lectivos de cada mes y cada trimestre.<\/figcaption><\/figure>\n\n\n\n<h2 class=\"wp-block-heading\">Compartirlo, sin complicarse la vida<\/h2>\n\n\n\n<p class=\"wp-block-paragraph\">Esto es lo que puede hacer cualquiera desde el primer minuto, sin cuentas, sin instalar y sin tocar nada t\u00e9cnico:<\/p>\n\n\n\n<ul class=\"wp-block-list\">\n<li><strong>Un PDF por perfil.<\/strong> Eliges el colectivo y el formato \u2014lista de fechas o calendario compacto anual\u2014 y lo imprimes o lo guardas como PDF. Sale filtrado: el PDF del alumnado no lleva los claustros. Es el que acaba en el tabl\u00f3n y en el correo del claustro.<\/li>\n\n\n\n<li><strong>Un archivo <code>.ics<\/code> para el calendario de cada uno.<\/strong> Se descarga desde la propia app, tambi\u00e9n filtrado por perfil, y se abre en Google Calendar, Apple o Outlook. Ojo: es una foto fija, no se actualiza sola. Para eso est\u00e1 lo de m\u00e1s abajo.<\/li>\n\n\n\n<li><strong>El archivo del calendario entero.<\/strong> Lo exportas, se lo pasas a quien sea, y esa persona lo abre en la app y lo sigue editando desde donde lo dejaste. Va bien para trabajarlo entre dos o tres personas del equipo directivo antes de darlo por bueno.<\/li>\n<\/ul>\n\n\n\n<h2 class=\"wp-block-heading\">Para quien quiera ir m\u00e1s all\u00e1<\/h2>\n\n\n\n<p class=\"wp-block-paragraph\">Hay una segunda capa que s\u00ed requiere un poco de faena inicial: <strong>tener el proyecto en tu propia cuenta de GitHub<\/strong>. Se hace con el bot\u00f3n <em>Fork<\/em>, se cambia un fichero de configuraci\u00f3n y se activa la publicaci\u00f3n autom\u00e1tica. Todo desde el navegador, sin instalar nada, aunque no nos enga\u00f1emos: hay que perderle el miedo a GitHub una tarde. A cambio se abren tres cosas que, para un centro, cambian bastante el asunto.<\/p>\n\n\n\n<h3 class=\"wp-block-heading\">Vistas personalizadas que se comparten con un enlace<\/h3>\n\n\n\n<p class=\"wp-block-paragraph\">Cada calendario publicado genera una <strong>p\u00e1gina web de solo lectura por cada perfil<\/strong>. Le mandas a las familias su enlace y ven su versi\u00f3n \u2014sin claustros, sin plazos internos\u2014, en formato lista o compacto, y con la fecha de la \u00faltima actualizaci\u00f3n a la vista. Si cambias algo, el enlace ya muestra lo nuevo: no hay que reenviar nada.<\/p>\n\n\n\n<h3 class=\"wp-block-heading\">El QR del PDF, que resuelve el problema del papel<\/h3>\n\n\n\n<p class=\"wp-block-paragraph\">Todo papel que reparte un centro nace caducado: se cambia una fecha en octubre y ah\u00ed siguen las copias de septiembre. Por eso las hojas impresas llevan un <strong>c\u00f3digo QR al pie<\/strong> que apunta a la versi\u00f3n web de ese mismo perfil. Quien lo escanea ve el calendario de hoy, no el del d\u00eda que se imprimi\u00f3, y desde ah\u00ed puede suscribirse.<\/p>\n\n\n\n<p class=\"wp-block-paragraph\">Un detalle del que estoy contento: el QR <strong>solo se imprime si esa versi\u00f3n web existe de verdad<\/strong>. La app lo comprueba antes. Prefiero una hoja sin QR que un QR que no lleva a ninguna parte.<\/p>\n\n\n\n<figure class=\"wp-block-image size-large\"><img data-recalc-dims=\"1\" loading=\"lazy\" decoding=\"async\" width=\"1288\" height=\"942\" src=\"https:\/\/i0.wp.com\/elpulpoenelvaso.jlmirall.es\/wp-content\/uploads\/2026\/09\/calendari-qr-en-el-pdf.jpg?resize=1288%2C942&#038;ssl=1\" alt=\"Pie de la hoja imprimible con un c\u00f3digo QR y el texto: este PDF es una copia fija, escanea el c\u00f3digo para abrir la versi\u00f3n web, siempre actualizada.\" class=\"wp-image-782\" srcset=\"https:\/\/i0.wp.com\/elpulpoenelvaso.jlmirall.es\/wp-content\/uploads\/2026\/09\/calendari-qr-en-el-pdf.jpg?w=1288&amp;ssl=1 1288w, https:\/\/i0.wp.com\/elpulpoenelvaso.jlmirall.es\/wp-content\/uploads\/2026\/09\/calendari-qr-en-el-pdf.jpg?resize=300%2C219&amp;ssl=1 300w, https:\/\/i0.wp.com\/elpulpoenelvaso.jlmirall.es\/wp-content\/uploads\/2026\/09\/calendari-qr-en-el-pdf.jpg?resize=1024%2C749&amp;ssl=1 1024w, https:\/\/i0.wp.com\/elpulpoenelvaso.jlmirall.es\/wp-content\/uploads\/2026\/09\/calendari-qr-en-el-pdf.jpg?resize=768%2C562&amp;ssl=1 768w\" sizes=\"auto, (max-width: 1000px) 100vw, 1000px\" \/><figcaption class=\"wp-element-caption\">El pie de la hoja imprimible, con el QR a la versi\u00f3n siempre actualizada.<\/figcaption><\/figure>\n\n\n\n<h3 class=\"wp-block-heading\">Suscripci\u00f3n: el calendario del centro dentro del m\u00f3vil de cada uno<\/h3>\n\n\n\n<p class=\"wp-block-paragraph\">Esta es la que m\u00e1s se nota en el d\u00eda a d\u00eda. Cada calendario publicado genera una <strong>direcci\u00f3n de suscripci\u00f3n por perfil<\/strong>. Quien la a\u00f1ade a Google Calendar, Apple Calendar u Outlook ve las fechas del centro mezcladas con las suyas, y <strong>cuando el centro cambia una fecha, le cambia sola<\/strong>. Sin reenviar archivos, sin \u00ab\u00bftienes la \u00faltima versi\u00f3n?\u00bb, sin nadie apuntando a mano el d\u00eda de la sesi\u00f3n de evaluaci\u00f3n.<\/p>\n\n\n\n<p class=\"wp-block-paragraph\">Cada colectivo se suscribe a lo suyo: el alumnado no ve los claustros, y los docentes no ven las fechas que solo le tocan a administraci\u00f3n.<\/p>\n\n\n\n<figure class=\"wp-block-image size-large\"><img data-recalc-dims=\"1\" loading=\"lazy\" decoding=\"async\" width=\"1288\" height=\"942\" src=\"https:\/\/i0.wp.com\/elpulpoenelvaso.jlmirall.es\/wp-content\/uploads\/2026\/09\/calendari-suscripcion-por-perfil.jpg?resize=1288%2C942&#038;ssl=1\" alt=\"Bloque de suscripci\u00f3n de un calendario publicado: selector de perfil, direcci\u00f3n webcal y botones para suscribirse, copiar la URL, descargar el .ics o copiarlo al editor.\" class=\"wp-image-781\" srcset=\"https:\/\/i0.wp.com\/elpulpoenelvaso.jlmirall.es\/wp-content\/uploads\/2026\/09\/calendari-suscripcion-por-perfil.jpg?w=1288&amp;ssl=1 1288w, https:\/\/i0.wp.com\/elpulpoenelvaso.jlmirall.es\/wp-content\/uploads\/2026\/09\/calendari-suscripcion-por-perfil.jpg?resize=300%2C219&amp;ssl=1 300w, https:\/\/i0.wp.com\/elpulpoenelvaso.jlmirall.es\/wp-content\/uploads\/2026\/09\/calendari-suscripcion-por-perfil.jpg?resize=1024%2C749&amp;ssl=1 1024w, https:\/\/i0.wp.com\/elpulpoenelvaso.jlmirall.es\/wp-content\/uploads\/2026\/09\/calendari-suscripcion-por-perfil.jpg?resize=768%2C562&amp;ssl=1 768w\" sizes=\"auto, (max-width: 1000px) 100vw, 1000px\" \/><figcaption class=\"wp-element-caption\">Se elige el perfil y se copia la direcci\u00f3n en la app de calendario. A partir de ah\u00ed, se actualiza sola.<\/figcaption><\/figure>\n\n\n\n<h2 class=\"wp-block-heading\">Lo que no hace (y conviene saber antes)<\/h2>\n\n\n\n<ul class=\"wp-block-list\">\n<li>La carga del <strong>calendario oficial<\/strong> es de la <strong>Comunitat Valenciana<\/strong>. En otra comunidad las fechas se meten a mano; el resto funciona igual.<\/li>\n\n\n\n<li>Los hitos del modo guiado est\u00e1n pensados desde <strong>\u00cdTACA y WebFam\u00edlia<\/strong>. Si tu administraci\u00f3n usa otras herramientas, los nombres te sonar\u00e1n raros aunque las fechas sean las mismas.<\/li>\n\n\n\n<li>Publicar calendarios suscribibles <strong>exige una cuenta de GitHub<\/strong>. No hay atajo: sin servidor detr\u00e1s, el sitio donde vive el calendario tiene que ponerlo alguien.<\/li>\n\n\n\n<li>Los datos viven en <strong>el navegador<\/strong> de quien planifica. Es una ventaja de privacidad y tambi\u00e9n una responsabilidad: conviene exportar el archivo de vez en cuando.<\/li>\n<\/ul>\n\n\n\n<h2 class=\"wp-block-heading\">Est\u00e1 abierto<\/h2>\n\n\n\n<p class=\"wp-block-paragraph\">El c\u00f3digo est\u00e1 publicado con licencia MIT: se puede usar, modificar y montar en el centro de quien quiera, sin pedir permiso ni pagar nada. Si te animas a probarlo, me interesa mucho saber qu\u00e9 falla, qu\u00e9 falta y qu\u00e9 no se entiende \u2014en los <a href=\"https:\/\/github.com\/JLMirallesB\/calendari-planificador\/issues\" target=\"_blank\" rel=\"noreferrer noopener\">issues del repositorio<\/a> o escribi\u00e9ndome directamente.<\/p>\n\n\n\n<p class=\"wp-block-paragraph\">Lo he desarrollado con ayuda de Claude, y el proceso da para otra entrada: hay una parte \u2014la de asegurarse de que al abrir el proyecto no se publica ning\u00fan dato real de un centro\u2014 que ha resultado bastante m\u00e1s interesante que el c\u00f3digo en s\u00ed.<\/p>\n\n\n\n<p class=\"wp-block-paragraph\"><strong><a href=\"https:\/\/jlmirallesb.github.io\/calendari-planificador\/\" target=\"_blank\" rel=\"noreferrer noopener\">jlmirallesb.github.io\/calendari-planificador<\/a><\/strong><\/p>\n\n\n\n<p class=\"wp-block-paragraph\"><\/p>\n\n\n\n<p class=\"wp-block-paragraph\"><div class=\"ko-fi-button\" data-text=\"\u00bfMe invitas a un \u2615\ufe0f?\" data-color=\"#ff5f5f\" data-code=\"miralles\" id=\"kofiShortcode501Html\" style=\"float: none; text-align: left;\" data-title=\"\"><\/div><\/p>\n","protected":false},"excerpt":{"rendered":"<p>Una herramienta libre para cuadrar el calendario escolar de un conservatorio: cuenta los d\u00edas lectivos sola, gu\u00eda los hitos de evaluaci\u00f3n y permite compartir el curso en PDF, en .ics o por suscripci\u00f3n, con una versi\u00f3n distinta para cada colectivo.<\/p>\n","protected":false},"author":1,"featured_media":780,"comment_status":"open","ping_status":"open","sticky":false,"template":"","format":"standard","meta":{"_jetpack_newsletter_access":"","_jetpack_dont_email_post_to_subs":false,"_jetpack_newsletter_tier_id":0,"_jetpack_memberships_contains_paywalled_content":false,"_jetpack_feature_clip_id":0,"_jetpack_memberships_contains_paid_content":false,"footnotes":"","jetpack_publicize_message":"","jetpack_publicize_feature_enabled":true,"jetpack_social_post_already_shared":true,"jetpack_social_options":{"image_generator_settings":{"template":"highway","default_image_id":0,"font":"","enabled":false},"version":2},"jetpack_post_was_ever_published":false},"categories":[1],"tags":[14,8],"class_list":["post-783","post","type-post","status-publish","format-standard","has-post-thumbnail","hentry","category-uncategorized","tag-gestion-educativa","tag-tecnologia"],"jetpack_publicize_connections":[],"jetpack-related-posts":[{"id":777,"url":"https:\/\/elpulpoenelvaso.jlmirall.es\/?p=777","url_meta":{"origin":783,"position":0},"title":"Legis CPMDEM ya no es solo un lector de leyes","author":"admin","date":"septiembre 1, 2026","format":false,"excerpt":"Cuatro meses despu\u00e9s de presentarlo, el archivo legislativo de conservatorios tiene dos apartados nuevos que se consultan por pregunta y no por norma, citas que no pueden envejecer en silencio, datos abiertos y dieciocho normas m\u00e1s.","rel":"","context":"En \u00abGesti\u00f3n Educativa\u00bb","block_context":{"text":"Gesti\u00f3n Educativa","link":"https:\/\/elpulpoenelvaso.jlmirall.es\/?tag=gestion-educativa"},"img":{"alt_text":"","src":"https:\/\/i0.wp.com\/elpulpoenelvaso.jlmirall.es\/wp-content\/uploads\/2026\/08\/legis-documentos.jpg?fit=1200%2C912&ssl=1&resize=350%2C200","width":350,"height":200,"srcset":"https:\/\/i0.wp.com\/elpulpoenelvaso.jlmirall.es\/wp-content\/uploads\/2026\/08\/legis-documentos.jpg?fit=1200%2C912&ssl=1&resize=350%2C200 1x, https:\/\/i0.wp.com\/elpulpoenelvaso.jlmirall.es\/wp-content\/uploads\/2026\/08\/legis-documentos.jpg?fit=1200%2C912&ssl=1&resize=525%2C300 1.5x, https:\/\/i0.wp.com\/elpulpoenelvaso.jlmirall.es\/wp-content\/uploads\/2026\/08\/legis-documentos.jpg?fit=1200%2C912&ssl=1&resize=700%2C400 2x, https:\/\/i0.wp.com\/elpulpoenelvaso.jlmirall.es\/wp-content\/uploads\/2026\/08\/legis-documentos.jpg?fit=1200%2C912&ssl=1&resize=1050%2C600 3x"},"classes":[]},{"id":801,"url":"https:\/\/elpulpoenelvaso.jlmirall.es\/?p=801","url_meta":{"origin":783,"position":1},"title":"Microsoft Bookings para los ensayos del Profesor Pianista Acompa\u00f1ante","author":"admin","date":"septiembre 3, 2026","format":false,"excerpt":"C\u00f3mo montar una p\u00e1gina de reservas personal en Microsoft Bookings para que el alumnado se coja solo el ensayo con el pianista acompa\u00f1ante: franjas, fechas, antelaciones, correos de aviso, c\u00f3mo bloquear festivos y audiciones desde Outlook y c\u00f3mo compartir el calendario con jefatura de estudios.","rel":"","context":"En \u00abGesti\u00f3n Educativa\u00bb","block_context":{"text":"Gesti\u00f3n Educativa","link":"https:\/\/elpulpoenelvaso.jlmirall.es\/?tag=gestion-educativa"},"img":{"alt_text":"","src":"https:\/\/i0.wp.com\/elpulpoenelvaso.jlmirall.es\/wp-content\/uploads\/2026\/09\/bookings-09-franjas-alumnado.jpg?fit=1200%2C631&ssl=1&resize=350%2C200","width":350,"height":200,"srcset":"https:\/\/i0.wp.com\/elpulpoenelvaso.jlmirall.es\/wp-content\/uploads\/2026\/09\/bookings-09-franjas-alumnado.jpg?fit=1200%2C631&ssl=1&resize=350%2C200 1x, https:\/\/i0.wp.com\/elpulpoenelvaso.jlmirall.es\/wp-content\/uploads\/2026\/09\/bookings-09-franjas-alumnado.jpg?fit=1200%2C631&ssl=1&resize=525%2C300 1.5x, https:\/\/i0.wp.com\/elpulpoenelvaso.jlmirall.es\/wp-content\/uploads\/2026\/09\/bookings-09-franjas-alumnado.jpg?fit=1200%2C631&ssl=1&resize=700%2C400 2x, https:\/\/i0.wp.com\/elpulpoenelvaso.jlmirall.es\/wp-content\/uploads\/2026\/09\/bookings-09-franjas-alumnado.jpg?fit=1200%2C631&ssl=1&resize=1050%2C600 3x"},"classes":[]},{"id":404,"url":"https:\/\/elpulpoenelvaso.jlmirall.es\/?p=404","url_meta":{"origin":783,"position":2},"title":"La Educaci\u00f3n Musical sufre Bullying","author":"admin","date":"diciembre 9, 2024","format":false,"excerpt":"La m\u00fasica en el sistema educativo espa\u00f1ol ocupa una posici\u00f3n compleja y frecuentemente cuestionada. Este art\u00edculo examina las relaciones entre diferentes \u00e1reas de conocimiento en el curr\u00edculo escolar, comparando la dedicaci\u00f3n horaria entre asignaturas y analizando la divisi\u00f3n institucional entre universidades y conservatorios. A trav\u00e9s de datos concretos y ejemplos\u2026","rel":"","context":"En \u00abinvestigaci\u00f3n\u00bb","block_context":{"text":"investigaci\u00f3n","link":"https:\/\/elpulpoenelvaso.jlmirall.es\/?tag=investigacion"},"img":{"alt_text":"","src":"https:\/\/i0.wp.com\/elpulpoenelvaso.jlmirall.es\/wp-content\/uploads\/2024\/12\/6d8a185d-3b54-44cc-93f3-da5996c4071f.jpg?fit=1024%2C1024&ssl=1&resize=350%2C200","width":350,"height":200,"srcset":"https:\/\/i0.wp.com\/elpulpoenelvaso.jlmirall.es\/wp-content\/uploads\/2024\/12\/6d8a185d-3b54-44cc-93f3-da5996c4071f.jpg?fit=1024%2C1024&ssl=1&resize=350%2C200 1x, https:\/\/i0.wp.com\/elpulpoenelvaso.jlmirall.es\/wp-content\/uploads\/2024\/12\/6d8a185d-3b54-44cc-93f3-da5996c4071f.jpg?fit=1024%2C1024&ssl=1&resize=525%2C300 1.5x, https:\/\/i0.wp.com\/elpulpoenelvaso.jlmirall.es\/wp-content\/uploads\/2024\/12\/6d8a185d-3b54-44cc-93f3-da5996c4071f.jpg?fit=1024%2C1024&ssl=1&resize=700%2C400 2x"},"classes":[]},{"id":383,"url":"https:\/\/elpulpoenelvaso.jlmirall.es\/?p=383","url_meta":{"origin":783,"position":3},"title":"\u00bfVolver\u00e1n las oscuras golondrinas de la LOGSE?","author":"admin","date":"noviembre 8, 2024","format":false,"excerpt":"Lo siguiente es un art\u00edculo que escrib\u00ed hace a\u00f1os, el cu\u00e1l finalmente descart\u00e9 para su publicaci\u00f3n acad\u00e9mica, puesto que acab\u00e9 desarrollando alguno de sus apartados por separado en otras publicaciones y conferencias. Pero se perdi\u00f3 el esp\u00edritu de lo que aqu\u00ed intentaba hacer, un relato de los cambios profundos que\u2026","rel":"","context":"En \u00abinvestigaci\u00f3n\u00bb","block_context":{"text":"investigaci\u00f3n","link":"https:\/\/elpulpoenelvaso.jlmirall.es\/?tag=investigacion"},"img":{"alt_text":"","src":"https:\/\/i0.wp.com\/elpulpoenelvaso.jlmirall.es\/wp-content\/uploads\/2024\/11\/DALL%C2%B7E-2024-11-08-10.17.07-A-hyper-realistic-photograph-of-a-dark-swallow-perched-on-top-of-a-thick-legal-book-titled-Ley-Organica-de-Educacion.-The-scene-captures-the-swallow.jpg?fit=1024%2C1024&ssl=1&resize=350%2C200","width":350,"height":200,"srcset":"https:\/\/i0.wp.com\/elpulpoenelvaso.jlmirall.es\/wp-content\/uploads\/2024\/11\/DALL%C2%B7E-2024-11-08-10.17.07-A-hyper-realistic-photograph-of-a-dark-swallow-perched-on-top-of-a-thick-legal-book-titled-Ley-Organica-de-Educacion.-The-scene-captures-the-swallow.jpg?fit=1024%2C1024&ssl=1&resize=350%2C200 1x, https:\/\/i0.wp.com\/elpulpoenelvaso.jlmirall.es\/wp-content\/uploads\/2024\/11\/DALL%C2%B7E-2024-11-08-10.17.07-A-hyper-realistic-photograph-of-a-dark-swallow-perched-on-top-of-a-thick-legal-book-titled-Ley-Organica-de-Educacion.-The-scene-captures-the-swallow.jpg?fit=1024%2C1024&ssl=1&resize=525%2C300 1.5x, https:\/\/i0.wp.com\/elpulpoenelvaso.jlmirall.es\/wp-content\/uploads\/2024\/11\/DALL%C2%B7E-2024-11-08-10.17.07-A-hyper-realistic-photograph-of-a-dark-swallow-perched-on-top-of-a-thick-legal-book-titled-Ley-Organica-de-Educacion.-The-scene-captures-the-swallow.jpg?fit=1024%2C1024&ssl=1&resize=700%2C400 2x"},"classes":[]},{"id":718,"url":"https:\/\/elpulpoenelvaso.jlmirall.es\/?p=718","url_meta":{"origin":783,"position":4},"title":"APP para Coordinaci\u00f3n Horaria entre Conservatorios y CEIPs e IES","author":"admin","date":"abril 22, 2026","format":false,"excerpt":"Si trabajas en un conservatorio de m\u00fasica o danza, o en un CEIP o IES que tiene alumnado compartido con un conservatorio, seguramente conoces el l\u00edo que supone la coordinaci\u00f3n horaria. Alumnos que van y vienen entre centros, cursos que no coinciden, desfases que nadie tiene claros hasta que se\u2026","rel":"","context":"En \u00abGesti\u00f3n Educativa\u00bb","block_context":{"text":"Gesti\u00f3n Educativa","link":"https:\/\/elpulpoenelvaso.jlmirall.es\/?tag=gestion-educativa"},"img":{"alt_text":"","src":"https:\/\/i0.wp.com\/elpulpoenelvaso.jlmirall.es\/wp-content\/uploads\/2026\/04\/02-vista-general.png?fit=1044%2C1200&ssl=1&resize=350%2C200","width":350,"height":200,"srcset":"https:\/\/i0.wp.com\/elpulpoenelvaso.jlmirall.es\/wp-content\/uploads\/2026\/04\/02-vista-general.png?fit=1044%2C1200&ssl=1&resize=350%2C200 1x, https:\/\/i0.wp.com\/elpulpoenelvaso.jlmirall.es\/wp-content\/uploads\/2026\/04\/02-vista-general.png?fit=1044%2C1200&ssl=1&resize=525%2C300 1.5x, https:\/\/i0.wp.com\/elpulpoenelvaso.jlmirall.es\/wp-content\/uploads\/2026\/04\/02-vista-general.png?fit=1044%2C1200&ssl=1&resize=700%2C400 2x"},"classes":[]},{"id":64,"url":"https:\/\/elpulpoenelvaso.jlmirall.es\/?p=64","url_meta":{"origin":783,"position":5},"title":"Software para Conservatorios","author":"admin","date":"enero 23, 2023","format":false,"excerpt":"Muchas veces me veo en la tesitura de ense\u00f1ar diferentes aplicaciones que pueden ser de utilidad para los estudiantes de m\u00fasica en conservatorios. Bien sea a mis alumnos (de piano, de pedagog\u00eda o de inform\u00e1tica musical) o en cursos de formaci\u00f3n para profesores de conservatorios o escuelas de m\u00fasica. Ha\u2026","rel":"","context":"En \u00abTecnolog\u00eda\u00bb","block_context":{"text":"Tecnolog\u00eda","link":"https:\/\/elpulpoenelvaso.jlmirall.es\/?tag=tecnologia"},"img":{"alt_text":"","src":"https:\/\/i0.wp.com\/elpulpoenelvaso.jlmirall.es\/wp-content\/uploads\/2024\/02\/Design-3.jpg?fit=1080%2C1080&ssl=1&resize=350%2C200","width":350,"height":200,"srcset":"https:\/\/i0.wp.com\/elpulpoenelvaso.jlmirall.es\/wp-content\/uploads\/2024\/02\/Design-3.jpg?fit=1080%2C1080&ssl=1&resize=350%2C200 1x, https:\/\/i0.wp.com\/elpulpoenelvaso.jlmirall.es\/wp-content\/uploads\/2024\/02\/Design-3.jpg?fit=1080%2C1080&ssl=1&resize=525%2C300 1.5x, https:\/\/i0.wp.com\/elpulpoenelvaso.jlmirall.es\/wp-content\/uploads\/2024\/02\/Design-3.jpg?fit=1080%2C1080&ssl=1&resize=700%2C400 2x, https:\/\/i0.wp.com\/elpulpoenelvaso.jlmirall.es\/wp-content\/uploads\/2024\/02\/Design-3.jpg?fit=1080%2C1080&ssl=1&resize=1050%2C600 3x"},"classes":[]}],"jetpack_sharing_enabled":true,"jetpack_featured_media_url":"https:\/\/i0.wp.com\/elpulpoenelvaso.jlmirall.es\/wp-content\/uploads\/2026\/09\/calendari-calendario-compacto.jpg?fit=1288%2C942&ssl=1","_links":{"self":[{"href":"https:\/\/elpulpoenelvaso.jlmirall.es\/index.php?rest_route=\/wp\/v2\/posts\/783","targetHints":{"allow":["GET"]}}],"collection":[{"href":"https:\/\/elpulpoenelvaso.jlmirall.es\/index.php?rest_route=\/wp\/v2\/posts"}],"about":[{"href":"https:\/\/elpulpoenelvaso.jlmirall.es\/index.php?rest_route=\/wp\/v2\/types\/post"}],"author":[{"embeddable":true,"href":"https:\/\/elpulpoenelvaso.jlmirall.es\/index.php?rest_route=\/wp\/v2\/users\/1"}],"replies":[{"embeddable":true,"href":"https:\/\/elpulpoenelvaso.jlmirall.es\/index.php?rest_route=%2Fwp%2Fv2%2Fcomments&post=783"}],"version-history":[{"count":1,"href":"https:\/\/elpulpoenelvaso.jlmirall.es\/index.php?rest_route=\/wp\/v2\/posts\/783\/revisions"}],"predecessor-version":[{"id":784,"href":"https:\/\/elpulpoenelvaso.jlmirall.es\/index.php?rest_route=\/wp\/v2\/posts\/783\/revisions\/784"}],"wp:featuredmedia":[{"embeddable":true,"href":"https:\/\/elpulpoenelvaso.jlmirall.es\/index.php?rest_route=\/wp\/v2\/media\/780"}],"wp:attachment":[{"href":"https:\/\/elpulpoenelvaso.jlmirall.es\/index.php?rest_route=%2Fwp%2Fv2%2Fmedia&parent=783"}],"wp:term":[{"taxonomy":"category","embeddable":true,"href":"https:\/\/elpulpoenelvaso.jlmirall.es\/index.php?rest_route=%2Fwp%2Fv2%2Fcategories&post=783"},{"taxonomy":"post_tag","embeddable":true,"href":"https:\/\/elpulpoenelvaso.jlmirall.es\/index.php?rest_route=%2Fwp%2Fv2%2Ftags&post=783"}],"curies":[{"name":"wp","href":"https:\/\/api.w.org\/{rel}","templated":true}]}}