{"id":727,"date":"2026-04-29T07:00:26","date_gmt":"2026-04-29T07:00:26","guid":{"rendered":"https:\/\/elpulpoenelvaso.jlmirall.es\/?p=727"},"modified":"2026-04-29T07:00:46","modified_gmt":"2026-04-29T07:00:46","slug":"archivo-legislativo-vivo-de-normativa-de-conservatorios","status":"publish","type":"post","link":"https:\/\/elpulpoenelvaso.jlmirall.es\/?p=727","title":{"rendered":"Archivo Legislativo vivo de Normativa de Conservatorios"},"content":{"rendered":"\n<p>En esta entrada presento una nueva aplicaci\u00f3n \u00abLegis CPMDEM\u00bb que es un lector de legislaci\u00f3n de <strong>C<\/strong>onservatorios <strong>P<\/strong>rofesionales de <strong>M<\/strong>\u00fasica, <strong>D<\/strong>anza y <strong>E<\/strong>scuelas de <strong>M<\/strong>\u00fasica. Con an\u00e1lisis jur\u00eddico, versiones consolidadas, exportaci\u00f3n de citas, cuadernos de fragmentos personales, etc&#8230;; especializado en la normativa de aplicaci\u00f3n en la Comunidad Valenciana.<\/p>\n\n\n\n<figure class=\"wp-block-image size-large\"><img data-recalc-dims=\"1\" loading=\"lazy\" decoding=\"async\" width=\"1024\" height=\"776\" src=\"https:\/\/i0.wp.com\/elpulpoenelvaso.jlmirall.es\/wp-content\/uploads\/2026\/04\/Captura-de-pantalla-2026-04-29-a-las-8.55.28.png?resize=1024%2C776&#038;ssl=1\" alt=\"\" class=\"wp-image-734\" srcset=\"https:\/\/i0.wp.com\/elpulpoenelvaso.jlmirall.es\/wp-content\/uploads\/2026\/04\/Captura-de-pantalla-2026-04-29-a-las-8.55.28.png?resize=1024%2C776&amp;ssl=1 1024w, https:\/\/i0.wp.com\/elpulpoenelvaso.jlmirall.es\/wp-content\/uploads\/2026\/04\/Captura-de-pantalla-2026-04-29-a-las-8.55.28.png?resize=300%2C227&amp;ssl=1 300w, https:\/\/i0.wp.com\/elpulpoenelvaso.jlmirall.es\/wp-content\/uploads\/2026\/04\/Captura-de-pantalla-2026-04-29-a-las-8.55.28.png?resize=768%2C582&amp;ssl=1 768w, https:\/\/i0.wp.com\/elpulpoenelvaso.jlmirall.es\/wp-content\/uploads\/2026\/04\/Captura-de-pantalla-2026-04-29-a-las-8.55.28.png?resize=1536%2C1164&amp;ssl=1 1536w, https:\/\/i0.wp.com\/elpulpoenelvaso.jlmirall.es\/wp-content\/uploads\/2026\/04\/Captura-de-pantalla-2026-04-29-a-las-8.55.28.png?w=1702&amp;ssl=1 1702w\" sizes=\"auto, (max-width: 1000px) 100vw, 1000px\" \/><\/figure>\n\n\n\n<p>Aqu\u00ed puedes acceder a la aplicaci\u00f3n, pero m\u00e1s abajo del bot\u00f3n de acceso, explico sus detalles y un poco de la historia que hay detr\u00e1s.<\/p>\n\n\n\n<div class=\"wp-block-buttons is-content-justification-center is-layout-flex wp-container-core-buttons-is-layout-a89b3969 wp-block-buttons-is-layout-flex\">\n<div class=\"wp-block-button\"><a class=\"wp-block-button__link wp-element-button\" href=\"https:\/\/jlmirallesb.github.io\/legis_cpmdem\/\">ACCEDE A LEGIS CPMDEM<\/a><\/div>\n<\/div>\n\n\n\n<p><br><br>Desde que empec\u00e9 a prepararme oposiciones hace ya 20 a\u00f1os, y luego ya como funcionario de carrera y actualmente adem\u00e1s jefe de estudios; siempre he tenido la necesidad de organizarme todas las disposiciones legales que deb\u00eda tener controladas. En su momento realic\u00e9 varios intentos de \u00abArchivos Legislativos\u00bb de normativa relacionada o que afecta a mi \u00e1mbito laboral, los Conservatorios Profesionales de M\u00fasica, que pese a las buenas intenciones no dejaban de ser meros archivos de colecciones de pdf por \u00e1reas tem\u00e1ticas, quiz\u00e1 con interfaces m\u00e1s o menos interesantes (<a href=\"https:\/\/prezi.com\/hrcvc5azzfpz\/archivo-legislativo-conservatorios-20\/\">como Prezi, en su momento<\/a>).<\/p>\n\n\n\n<p>A medida que mi comprensi\u00f3n sobre el funcionamiento de la legislaci\u00f3n crec\u00eda me daba cuenta de lo absurdo de leer legislaci\u00f3n que no fuera de reciente publicaci\u00f3n desde un pdf. Las leyes se ven afectadas por otra muy f\u00e1cilmente, derogaciones de apartados, referencias a otras leyes que ya no estaban en vigor, etc&#8230; Y pas\u00e9 de coleccionar PDF a coleccionar \u00abenlaces\u00bb al DOGV\/BOE. Y me hice fan de que cada vez que entraba a una norma en dichos boletines legales, revisaba siempre primero el apartado de an\u00e1lisis jur\u00eddico (aparec\u00edan hasta modificaciones de art\u00edculos realizadas por sentencias judiciales; como fue el sonado caso que ya tratamos hace a\u00f1os respecto del RD 1614\/2009 y se convirti\u00f3 en <a href=\"https:\/\/oysiao.jlmirall.es\/?p=2439\">la entrada m\u00e1s le\u00edda de mi antiguo blog<\/a>).<\/p>\n\n\n\n<p>Con el <em>vibe-coding<\/em> (el usuario se enfoca en la idea\/objetivo que quiere conseguir y delega en la IA la realizaci\u00f3n t\u00e9cnica), recientemente he tenido ya bastantes experiencias de cierto \u00e9xito (<a href=\"https:\/\/elpulpoenelvaso.jlmirall.es\/?p=508\">aqu\u00ed describo el proceso<\/a> creando una app de visualizaci\u00f3n estad\u00edstica de notas de conservatorios; y <a href=\"https:\/\/www.researchgate.net\/publication\/386550164_Another_AI-generated_Chopin_nocturne_Better_an_Artifcial_Cortot_to_assist_in_studying_the_real_ones\">aqu\u00ed publiqu\u00e9 un cap\u00edtulo de libro en la Universitat de Valencia<\/a> de una app que ayuda a crear ejercicios t\u00e9cnicos para pasajes r\u00e1pidos en el piano); y desde hace unas semanas estaba trabajando en mi APP so\u00f1ada para este nievo ciclo vital de mi Archivo Legislativo. Una APP que imita al BOE\/DOGV, en el sentido de que:<\/p>\n\n\n\n<ul class=\"wp-block-list\">\n<li>Puedes leer los art\u00edculos de las normas<\/li>\n\n\n\n<li>Tienen apartado de an\u00e1lisis jur\u00eddico, que explica afectaciones anteriores y posteriores, conformidades, concordancias, etc.<\/li>\n\n\n\n<li>Cuando un art\u00edculo ha sido modificado de una norma aun en vigor ves directamente el texto actualmente en vigor, y las opciones a consultar el historial de versiones antiguas.<\/li>\n\n\n\n<li>Hay un biling\u00fc\u00edsmo completo (de interfaz y de normativa, salvo en normas estatales que no existen en castellano o alguna instrucci\u00f3n poco com\u00fan que tampoco est\u00e1 en dos idiomas).<\/li>\n\n\n\n<li>Buscador avanzado con filtros.<\/li>\n<\/ul>\n\n\n\n<p>Adem\u00e1s:<\/p>\n\n\n\n<ul class=\"wp-block-list\">\n<li>Tienes enlaces de cada norma a sus p\u00e1ginas respectivas en el BOE o el DOGV, para consultarlas.<\/li>\n\n\n\n<li>Tienes enlaces a los pdf originales de cada norma.<\/li>\n\n\n\n<li>Est\u00e1n archivadas en un cat\u00e1logo de categor\u00edas espec\u00edfico para conservatorios.<\/li>\n\n\n\n<li>Tiene una serie de taxonom\u00edas que recogen: rango de disposici\u00f3n, lugar de publicaci\u00f3n, a\u00f1o, estado de vigencia, \u00e1mbito de aplicaci\u00f3n (m\u00fasica, danza, ambos, o general de educaci\u00f3n), periodo de vigencia (permanente o anual), firmante y cargo del firmante.<\/li>\n<\/ul>\n\n\n\n<p>Y, aspectos que, m\u00e1s all\u00e1 de emular lo que tienes accediendo al DOGV\/BOE, se puede conseguir con esta APP:<\/p>\n\n\n\n<ul class=\"wp-block-list\">\n<li>Descargar cada norma en Markdown (ideal para trabajar posteriormente con ella usando la Inteligencia Artificial)<\/li>\n\n\n\n<li>Descargar JSON (archivo similar al anterior, pero que tambi\u00e9n contiene los metadatos que usa la aplicaci\u00f3n). <\/li>\n\n\n\n<li>PDF de anexos descargables por separado cuando son formularios.<\/li>\n\n\n\n<li>Enlaces para compartir (url, mail, whatsapp, embed) la norma.<\/li>\n\n\n\n<li>Navegaci\u00f3n por \u00edndice con hiperv\u00ednculos.<\/li>\n\n\n\n<li>Enlaces para compartir directamente un art\u00edculo concreto.<\/li>\n\n\n\n<li>La capacidad de obtener citas APA de legislaci\u00f3n (de norma completa o de apartado), tanto parent\u00e9ticas como referencias completas.<\/li>\n\n\n\n<li>La capacidad de obtener el texto de un art\u00edculo para copiar en texto plano autom\u00e1ticamente con la cita APA parent\u00e9tica.<\/li>\n<\/ul>\n\n\n\n<p>Y finalmente, una funci\u00f3n que quiero destacar: el cuaderno de fragmentos.<\/p>\n\n\n\n<ul class=\"wp-block-list\">\n<li>La capacidad de guardarte art\u00edculos completos o fragmentos de art\u00edculos de una o diferentes normas en un apartado (llamado cuaderno de fragmentos), que luego puedes reordenar como quieras.<\/li>\n\n\n\n<li>Copiar el texto plano de todos esos fragmentos con sus citas APA<\/li>\n\n\n\n<li>Imprimir un PDF personalizable de todos esos fragmentos guardados.<\/li>\n<\/ul>\n\n\n\n<p>La aplicaci\u00f3n se va actualizando con nueva normativa de forma curatorial. Es decir, voy yo mismo a\u00f1adiendo la legislaci\u00f3n para que entre en el formato adecuado y sin errores y revisando que las afectaciones entre normas tambi\u00e9n se mantengan correctas. Es decir, aunque el trabajo de introducir el texto de una norma usa la IA para realizarse, hay una revisi\u00f3n humana de todo lo que hace. <\/p>\n\n\n\n<p>Aun no est\u00e1 toda la normativa que quiero (falta bastante a\u00fan de Escuelas de M\u00fasica, as\u00ed como de Ense\u00f1anzas Art\u00edsticas Superiores, pero esto \u00faltimo por ahora no es prioridad), y alguna normativa de \u00e1mbito m\u00e1s general todav\u00eda est\u00e1 por \u00abingestar\u00bb en la APP. Pero ya hay un corpus legal bastante completo. De hecho, <strong>se incluyen hasta circulares<\/strong> e instrucciones o manuales publicados por la propia Generalitat (como circulares sobre permisos y licencia o manuales sobre el Plan de Mejora) que no aparecen nunca en el BOE\/DOGV, pero que los equipos directivos de conservatorios debemos tener en cuenta. <\/p>\n\n\n\n<p>El hecho de que anuncie p\u00fablicamente hoy la App tambi\u00e9n es debido a la nueva Orden 8\/2026 publicada hace escasas horas en el DOGV de hoy (29 de Abril de 2026), nueva orden que regula el proceso de admisi\u00f3n a las ense\u00f1anzas profesionales de m\u00fasica y danza, orden cuya publicaci\u00f3n estaba esperando para lanzar la app, para no lanzarla con normativa relevante que en breve sab\u00eda que iba a estar derogada.<\/p>\n\n\n\n<p>La App tambi\u00e9n tiene un apartado de novedades que informa de que nuevos cambios hay (principalmente nueva legislaci\u00f3n a\u00f1adida, as\u00ed como correcciones, mejoras o nuevas funciones), sistema de actualizaciones al que te puedes suscribirte por RSS, o tambi\u00e9n copiar los anuncios de nueva legislaci\u00f3n. Y cuando en los pr\u00f3ximos d\u00edas salga la resoluci\u00f3n del calendario de admisi\u00f3n y matr\u00edcula para el pr\u00f3ximo curso, tambi\u00e9n lo a\u00f1adir\u00e9 a la App.<\/p>\n\n\n\n<p>As\u00ed que, aprovechando esta nueva norma, mostremos algunas de las funciones de la APP. A continuaci\u00f3n muestro la funci\u00f3n de embed de una norma (que de paso da un vistazo general de c\u00f3mo se ve una norma).<\/p>\n\n\n\n<div style=\"display:flex; justify-content:center; width:100%;\">\n  <iframe loading=\"lazy\"\n    src=\"https:\/\/jlmirallesb.github.io\/legis_cpmdem\/es\/ley\/orden-8-2026\/\"\n    width=\"100%\"\n    height=\"600\"\n    style=\"max-width:1000px; border:1px solid #e2e8f0; border-radius:8px;\"\n    title=\"orden 8\/2026\">\n  <\/iframe>\n<\/div>\n\n\n\n<p>\u00bfQue quieres enviarla por whatsapp?  puedes hacer click en el enlace que lo indica: <a href=\"https:\/\/api.whatsapp.com\/send\/?text=orden+8%2F2026+\u2014+https%3A%2F%2Fjlmirallesb.github.io%2Flegis_cpmdem%2Fes%2Fley%2Forden-8-2026%2F%0A%0A--%0A%EF%BF%BD+Compartido+desde+Legis+CPMDEM%2C+lector+de+legislaci\u00f3n+de+Conservatorios+Profesionales+de+M\u00fasica+y+Danza+de+la+Comunitat+Valenciana.%0Ahttps%3A%2F%2FJLMirallesB.github.io%2Flegis_cpmdem%2F&amp;type=custom_url&amp;app_absent=0\">ejemplo<\/a>.<\/p>\n\n\n\n<p>\u00bfQue quieres enviar a alguien un enlace a un apartado espec\u00edfico de la norma? Al lado del art\u00edculo aparecen tres puntos que te permiten copiar el enlace: <a href=\"https:\/\/jlmirallesb.github.io\/legis_cpmdem\/es\/ley\/orden-8-2026\/#art-26\">ejemplo<\/a>.<\/p>\n\n\n\n<p>\u00bfQu\u00e9 quieres copiar el texto de un art\u00edculo con su referencia? Aqu\u00ed el resultado.<\/p>\n\n\n\n<blockquote class=\"wp-block-quote is-layout-flow wp-block-quote-is-layout-flow\">\n<p>\u00ab1. Podr\u00e1n solicitar la adaptaci\u00f3n de las pruebas de acceso definidas en el cap\u00edtulo III de esta orden, de acuerdo con sus necesidades, las personas aspirantes con necesidades espec\u00edficas de apoyo educativo derivadas de:<\/p>\n\n\n\n<p>a) Necesidades educativas especiales asociadas a discapacidad auditiva, visual, motriz, intelectual o trastorno del espectro del autismo (TEA).<\/p>\n\n\n\n<p>b) Incorporaci\u00f3n tard\u00eda al sistema educativo valenciano.<\/p>\n\n\n\n<p>c) Dificultades espec\u00edficas de aprendizaje, incluidas las relativas a trastornos de la comunicaci\u00f3n y del lenguaje y\/o trastornos del habla.<\/p>\n\n\n\n<p>d) Trastorno por d\u00e9ficit de atenci\u00f3n y\/o hiperactividad (TDAH).\u00bb<\/p>\n\n\n\n<p>(Orden 8\/2026, 2026, art. 26)<\/p>\n\n\n\n<p>Orden 8\/2026, de 24 de abril, de la Conselleria de Educaci\u00f3n, Cultura y Universidades, por la que se regula el proceso de admisi\u00f3n a las ense\u00f1anzas elementales y profesionales de m\u00fasica y de danza en la Comunitat Valenciana. Diari Oficial de la Generalitat Valenciana, 10352, de 29 de abril de 2026. https:\/\/dogv.gva.es\/es\/resultat-dogv?signatura=2026\/12242<\/p>\n<\/blockquote>\n\n\n\n<p>Por ahora la aplicaci\u00f3n no tiene <em>backend<\/em>, es decir, no puedo guardarme fragmentos y abrir la aplicaci\u00f3n en un navegador diferente u ordenador diferente y esperar que persistan esos fragmentos guardados. Para poder realizar eso, se necesitar\u00eda una infraestructura que complicar\u00eda mucho la aplicaci\u00f3n y requerir\u00eda de un pago de recursos constantes para que funcione. En su forma actual (solo <em>frontend<\/em>), permite que sea ligera y sencilla. Para paliar la falta de capacidad de que un usuario pueda guardarse fragmentos ya existe la capacidad de exportar texto plano o PDF de los fragmentos seleccionados, as\u00ed como un cuaderno \u00aboficial\u00bb de fragmentos que voy poco a poco desarrollando. Por ahora existen cuadernos de: las tablas curriculares de horas semanales de asignaturas, legislaci\u00f3n sobre el Plan de Mejora, legislaci\u00f3n sobre Evaluaci\u00f3n, y legislaci\u00f3n sobre \u00d3rganos Colegiados (important\u00edsima especialmente para tener en cuenta sobre funcionamiento de tribunales).<\/p>\n\n\n\n<p>Si crees que falta alguna norma, detectas alg\u00fan error, quieres sugerir un nuevo cuaderno que est\u00e9 permanente en la APP o quieres proponer alguna mejora a la APP. Puedes contactarme e intentar\u00e9 en la medida de lo posible atender tu solicitud.<\/p>\n\n\n\n<p>Tambi\u00e9n hay que tener en cuenta que, todo lo que aparece en la App <em>puede contener errores,<\/em> si bien he intentado que eso no suceda, no puedo asegurarlo al 100%. As\u00ed que te recuerdo que si usas la app:<\/p>\n\n\n\n<blockquote class=\"wp-block-quote is-layout-flow wp-block-quote-is-layout-flow\">\n<p><em>La informaci\u00f3n contenida en este sitio tiene car\u00e1cter meramente informativo. Aunque se ha procurado garantizar la exactitud y actualizaci\u00f3n de los textos legislativos, pueden contener errores, omisiones o no reflejar las \u00faltimas modificaciones. El autor no se responsabiliza de los da\u00f1os o perjuicios que pudieran derivarse del uso de esta informaci\u00f3n sin la debida verificaci\u00f3n con las fuentes oficiales\u00a0.<\/em><\/p>\n<\/blockquote>\n\n\n\n<p>Pero, <strong>\u00bfy por qu\u00e9 haces esto?<\/strong><\/p>\n\n\n\n<p>Si consideras que esta aplicaci\u00f3n te es \u00fatil, y quieres apoyar el proyecto puedes hacerlo principalmente de tres formas:<\/p>\n\n\n\n<ul class=\"wp-block-list\">\n<li>Usando la APP<\/li>\n\n\n\n<li>Compartiendo y difundiendo la APP<\/li>\n\n\n\n<li>Invit\u00e1ndome a una horchata <a href=\"https:\/\/ko-fi.com\/miralles\">aqu\u00ed<\/a>.<\/li>\n<\/ul>\n\n\n\n<p><strong>Porque la necesitaba. <\/strong>Llevo usando la App yo mismo desde que la cre\u00e9, y es enormemente c\u00f3modo acceder a cualquier norma de forma centralizada, o incluso obtener fragmentos de la legislaci\u00f3n para compartir (o argumentar frente a discrepancias sobre la interpretaci\u00f3n de la norma, muchas veces basada en su propio desconocimiento).<\/p>\n\n\n\n<p><strong>Porque me lo debo a quienes compartieron antes.<\/strong> Esta aplicaci\u00f3n no existir\u00eda sin herramientas de software libre: el framework con el que est\u00e1 construida, las librer\u00edas que usa, los est\u00e1ndares abiertos sobre los que funciona. Todo eso existe porque alguien decidi\u00f3 compartir su trabajo en lugar de guard\u00e1rselo. A lo largo de los a\u00f1os me he apoyado constantemente en c\u00f3digo, documentaci\u00f3n y conocimiento que otras personas pusieron a disposici\u00f3n de todos, sin pedir nada a cambio. Compartir este proyecto es mi forma de devolver lo que he recibido.<\/p>\n\n\n\n<p><strong>Porque creo en que el conocimiento debe ser accesible.<\/strong> La legislaci\u00f3n es p\u00fablica por definici\u00f3n, pero en la pr\u00e1ctica acceder a ella, entenderla y cruzar sus referencias es innecesariamente dif\u00edcil. Si esta herramienta evita que alguien tenga que repetir el mismo trabajo que yo ya hice (buscar normas, verificar vigencias, rastrear modificaciones) entonces habr\u00e1 merecido la pena. Es la misma filosof\u00eda que impulsa el software libre: la cooperaci\u00f3n nos hace avanzar m\u00e1s que la competici\u00f3n. El c\u00f3digo de la aplicaci\u00f3n est\u00e1 disponible en GitHub, y cualquiera puede consultarlo, proponer mejoras o adaptarlo a sus necesidades.<\/p>\n\n\n\n<p><strong>Y mirando al futuro:<\/strong> estoy trabajando en la implementaci\u00f3n de un servidor MCP (Model Context Protocol), un est\u00e1ndar abierto que permite a los asistentes de inteligencia artificial conectarse directamente a fuentes de datos externas. En la pr\u00e1ctica, esto significar\u00e1 que usuarios avanzados podr\u00e1n interrogar el repositorio completo de normas a trav\u00e9s de su IA de confianza: hacer preguntas como \u00ab\u00bfqu\u00e9 normativa regula la ratio profesor\/alumno en danza?\u00bb, \u00ab\u00bfqu\u00e9 art\u00edculos del Decreto 158\/2007 han sido modificados y por qu\u00e9 normas?\u00bb o \u00abcomp\u00e1rame los requisitos de acceso a ense\u00f1anzas profesionales entre la orden anterior y la nueva Orden 8\/2026\u00bb, y obtener respuestas fundamentadas directamente en los textos legislativos. Una forma m\u00e1s de poner la legislaci\u00f3n al servicio de quien la necesita, no al rev\u00e9s.<\/p>\n\n\n\n<p>Si esta entrada y los proyectos que llevo a cabo te parecen interesantes:<\/p>\n\n\n\n<div class=\"ko-fi-button\" data-text=\"\u00bfMe invitas a un \u2615\ufe0f?\" data-color=\"#ff5f5f\" data-code=\"miralles\" id=\"kofiShortcode863Html\" style=\"float: none; text-align: left;\" data-title=\"\"><\/div>\n","protected":false},"excerpt":{"rendered":"<p>En esta entrada presento una nueva aplicaci\u00f3n \u00abLegis CPMDEM\u00bb que es un lector de legislaci\u00f3n de Conservatorios Profesionales de M\u00fasica, Danza y Escuelas de M\u00fasica. Con an\u00e1lisis jur\u00eddico, versiones consolidadas, exportaci\u00f3n de citas, cuadernos de fragmentos personales, etc&#8230;; especializado en la normativa de aplicaci\u00f3n en la Comunidad Valenciana. Aqu\u00ed puedes acceder a la aplicaci\u00f3n, pero [&hellip;]<\/p>\n","protected":false},"author":1,"featured_media":734,"comment_status":"open","ping_status":"open","sticky":false,"template":"","format":"standard","meta":{"jetpack_post_was_ever_published":false,"_jetpack_newsletter_access":"","_jetpack_dont_email_post_to_subs":false,"_jetpack_newsletter_tier_id":0,"_jetpack_memberships_contains_paywalled_content":false,"_jetpack_memberships_contains_paid_content":false,"footnotes":"","jetpack_publicize_message":"","jetpack_publicize_feature_enabled":true,"jetpack_social_post_already_shared":true,"jetpack_social_options":{"image_generator_settings":{"template":"highway","default_image_id":0,"font":"","enabled":false},"version":2}},"categories":[1],"tags":[14,5],"class_list":["post-727","post","type-post","status-publish","format-standard","has-post-thumbnail","hentry","category-uncategorized","tag-gestion-educativa","tag-sistema-educativo"],"jetpack_publicize_connections":[],"jetpack_featured_media_url":"https:\/\/i0.wp.com\/elpulpoenelvaso.jlmirall.es\/wp-content\/uploads\/2026\/04\/Captura-de-pantalla-2026-04-29-a-las-8.55.28.png?fit=1702%2C1290&ssl=1","jetpack-related-posts":[{"id":383,"url":"https:\/\/elpulpoenelvaso.jlmirall.es\/?p=383","url_meta":{"origin":727,"position":0},"title":"\u00bfVolver\u00e1n las oscuras golondrinas de la LOGSE?","author":"admin","date":"noviembre 8, 2024","format":false,"excerpt":"Lo siguiente es un art\u00edculo que escrib\u00ed hace a\u00f1os, el cu\u00e1l finalmente descart\u00e9 para su publicaci\u00f3n acad\u00e9mica, puesto que acab\u00e9 desarrollando alguno de sus apartados por separado en otras publicaciones y conferencias. Pero se perdi\u00f3 el esp\u00edritu de lo que aqu\u00ed intentaba hacer, un relato de los cambios profundos que\u2026","rel":"","context":"En \u00abinvestigaci\u00f3n\u00bb","block_context":{"text":"investigaci\u00f3n","link":"https:\/\/elpulpoenelvaso.jlmirall.es\/?tag=investigacion"},"img":{"alt_text":"","src":"https:\/\/i0.wp.com\/elpulpoenelvaso.jlmirall.es\/wp-content\/uploads\/2024\/11\/DALL%C2%B7E-2024-11-08-10.17.07-A-hyper-realistic-photograph-of-a-dark-swallow-perched-on-top-of-a-thick-legal-book-titled-Ley-Organica-de-Educacion.-The-scene-captures-the-swallow.jpg?fit=1024%2C1024&ssl=1&resize=350%2C200","width":350,"height":200,"srcset":"https:\/\/i0.wp.com\/elpulpoenelvaso.jlmirall.es\/wp-content\/uploads\/2024\/11\/DALL%C2%B7E-2024-11-08-10.17.07-A-hyper-realistic-photograph-of-a-dark-swallow-perched-on-top-of-a-thick-legal-book-titled-Ley-Organica-de-Educacion.-The-scene-captures-the-swallow.jpg?fit=1024%2C1024&ssl=1&resize=350%2C200 1x, https:\/\/i0.wp.com\/elpulpoenelvaso.jlmirall.es\/wp-content\/uploads\/2024\/11\/DALL%C2%B7E-2024-11-08-10.17.07-A-hyper-realistic-photograph-of-a-dark-swallow-perched-on-top-of-a-thick-legal-book-titled-Ley-Organica-de-Educacion.-The-scene-captures-the-swallow.jpg?fit=1024%2C1024&ssl=1&resize=525%2C300 1.5x, https:\/\/i0.wp.com\/elpulpoenelvaso.jlmirall.es\/wp-content\/uploads\/2024\/11\/DALL%C2%B7E-2024-11-08-10.17.07-A-hyper-realistic-photograph-of-a-dark-swallow-perched-on-top-of-a-thick-legal-book-titled-Ley-Organica-de-Educacion.-The-scene-captures-the-swallow.jpg?fit=1024%2C1024&ssl=1&resize=700%2C400 2x"},"classes":[]},{"id":404,"url":"https:\/\/elpulpoenelvaso.jlmirall.es\/?p=404","url_meta":{"origin":727,"position":1},"title":"La Educaci\u00f3n Musical sufre Bullying","author":"admin","date":"diciembre 9, 2024","format":false,"excerpt":"La m\u00fasica en el sistema educativo espa\u00f1ol ocupa una posici\u00f3n compleja y frecuentemente cuestionada. Este art\u00edculo examina las relaciones entre diferentes \u00e1reas de conocimiento en el curr\u00edculo escolar, comparando la dedicaci\u00f3n horaria entre asignaturas y analizando la divisi\u00f3n institucional entre universidades y conservatorios. A trav\u00e9s de datos concretos y ejemplos\u2026","rel":"","context":"En \u00abinvestigaci\u00f3n\u00bb","block_context":{"text":"investigaci\u00f3n","link":"https:\/\/elpulpoenelvaso.jlmirall.es\/?tag=investigacion"},"img":{"alt_text":"","src":"https:\/\/i0.wp.com\/elpulpoenelvaso.jlmirall.es\/wp-content\/uploads\/2024\/12\/6d8a185d-3b54-44cc-93f3-da5996c4071f.jpg?fit=1024%2C1024&ssl=1&resize=350%2C200","width":350,"height":200,"srcset":"https:\/\/i0.wp.com\/elpulpoenelvaso.jlmirall.es\/wp-content\/uploads\/2024\/12\/6d8a185d-3b54-44cc-93f3-da5996c4071f.jpg?fit=1024%2C1024&ssl=1&resize=350%2C200 1x, https:\/\/i0.wp.com\/elpulpoenelvaso.jlmirall.es\/wp-content\/uploads\/2024\/12\/6d8a185d-3b54-44cc-93f3-da5996c4071f.jpg?fit=1024%2C1024&ssl=1&resize=525%2C300 1.5x, https:\/\/i0.wp.com\/elpulpoenelvaso.jlmirall.es\/wp-content\/uploads\/2024\/12\/6d8a185d-3b54-44cc-93f3-da5996c4071f.jpg?fit=1024%2C1024&ssl=1&resize=700%2C400 2x"},"classes":[]},{"id":64,"url":"https:\/\/elpulpoenelvaso.jlmirall.es\/?p=64","url_meta":{"origin":727,"position":2},"title":"Software para Conservatorios","author":"admin","date":"enero 23, 2023","format":false,"excerpt":"Muchas veces me veo en la tesitura de ense\u00f1ar diferentes aplicaciones que pueden ser de utilidad para los estudiantes de m\u00fasica en conservatorios. Bien sea a mis alumnos (de piano, de pedagog\u00eda o de inform\u00e1tica musical) o en cursos de formaci\u00f3n para profesores de conservatorios o escuelas de m\u00fasica. Ha\u2026","rel":"","context":"En \u00abTecnolog\u00eda\u00bb","block_context":{"text":"Tecnolog\u00eda","link":"https:\/\/elpulpoenelvaso.jlmirall.es\/?tag=tecnologia"},"img":{"alt_text":"","src":"https:\/\/i0.wp.com\/elpulpoenelvaso.jlmirall.es\/wp-content\/uploads\/2024\/02\/Design-3.jpg?fit=1080%2C1080&ssl=1&resize=350%2C200","width":350,"height":200,"srcset":"https:\/\/i0.wp.com\/elpulpoenelvaso.jlmirall.es\/wp-content\/uploads\/2024\/02\/Design-3.jpg?fit=1080%2C1080&ssl=1&resize=350%2C200 1x, https:\/\/i0.wp.com\/elpulpoenelvaso.jlmirall.es\/wp-content\/uploads\/2024\/02\/Design-3.jpg?fit=1080%2C1080&ssl=1&resize=525%2C300 1.5x, https:\/\/i0.wp.com\/elpulpoenelvaso.jlmirall.es\/wp-content\/uploads\/2024\/02\/Design-3.jpg?fit=1080%2C1080&ssl=1&resize=700%2C400 2x, https:\/\/i0.wp.com\/elpulpoenelvaso.jlmirall.es\/wp-content\/uploads\/2024\/02\/Design-3.jpg?fit=1080%2C1080&ssl=1&resize=1050%2C600 3x"},"classes":[]},{"id":32,"url":"https:\/\/elpulpoenelvaso.jlmirall.es\/?p=32","url_meta":{"origin":727,"position":3},"title":"Profesores y Catedr\u00e1ticos, sin inocentadas","author":"admin","date":"diciembre 28, 2022","format":false,"excerpt":"Se van a actualizar los cuerpos docentes de ense\u00f1anzas art\u00edsticas, \u00bfhan pensado en las ense\u00f1anzas profesionales?","rel":"","context":"En \u00abSistema educativo\u00bb","block_context":{"text":"Sistema educativo","link":"https:\/\/elpulpoenelvaso.jlmirall.es\/?tag=sistema-educativo"},"img":{"alt_text":"","src":"https:\/\/i0.wp.com\/elpulpoenelvaso.jlmirall.es\/wp-content\/uploads\/2022\/12\/11CFDCE3-68AB-4813-8102-409D9809FD13.png?fit=1080%2C1080&ssl=1&resize=350%2C200","width":350,"height":200,"srcset":"https:\/\/i0.wp.com\/elpulpoenelvaso.jlmirall.es\/wp-content\/uploads\/2022\/12\/11CFDCE3-68AB-4813-8102-409D9809FD13.png?fit=1080%2C1080&ssl=1&resize=350%2C200 1x, https:\/\/i0.wp.com\/elpulpoenelvaso.jlmirall.es\/wp-content\/uploads\/2022\/12\/11CFDCE3-68AB-4813-8102-409D9809FD13.png?fit=1080%2C1080&ssl=1&resize=525%2C300 1.5x, https:\/\/i0.wp.com\/elpulpoenelvaso.jlmirall.es\/wp-content\/uploads\/2022\/12\/11CFDCE3-68AB-4813-8102-409D9809FD13.png?fit=1080%2C1080&ssl=1&resize=700%2C400 2x, https:\/\/i0.wp.com\/elpulpoenelvaso.jlmirall.es\/wp-content\/uploads\/2022\/12\/11CFDCE3-68AB-4813-8102-409D9809FD13.png?fit=1080%2C1080&ssl=1&resize=1050%2C600 3x"},"classes":[]},{"id":494,"url":"https:\/\/elpulpoenelvaso.jlmirall.es\/?p=494","url_meta":{"origin":727,"position":4},"title":"Dashboards Acad\u00e9micos para gestores y docentes de conservatorios","author":"admin","date":"diciembre 28, 2025","format":false,"excerpt":"En esta entrada presento dos aplicaciones que he creado con Vibe Coding. Para quienes no conozcan el t\u00e9rmino podr\u00edamos resumirlo en programaci\u00f3n inform\u00e1tica d\u00f3nde el usuario tiene las ideas, y una Inteligencia Artificial sigue las instrucciones para crear esas aplicaciones. En concreto se trata de dos aplicaciones que sirven para\u2026","rel":"","context":"En \u00abGesti\u00f3n Educativa\u00bb","block_context":{"text":"Gesti\u00f3n Educativa","link":"https:\/\/elpulpoenelvaso.jlmirall.es\/?tag=gestion-educativa"},"img":{"alt_text":"","src":"https:\/\/i0.wp.com\/elpulpoenelvaso.jlmirall.es\/wp-content\/uploads\/2025\/12\/Captura-de-pantalla-2025-12-28-a-las-12.35.40.png?fit=1200%2C1017&ssl=1&resize=350%2C200","width":350,"height":200,"srcset":"https:\/\/i0.wp.com\/elpulpoenelvaso.jlmirall.es\/wp-content\/uploads\/2025\/12\/Captura-de-pantalla-2025-12-28-a-las-12.35.40.png?fit=1200%2C1017&ssl=1&resize=350%2C200 1x, https:\/\/i0.wp.com\/elpulpoenelvaso.jlmirall.es\/wp-content\/uploads\/2025\/12\/Captura-de-pantalla-2025-12-28-a-las-12.35.40.png?fit=1200%2C1017&ssl=1&resize=525%2C300 1.5x, https:\/\/i0.wp.com\/elpulpoenelvaso.jlmirall.es\/wp-content\/uploads\/2025\/12\/Captura-de-pantalla-2025-12-28-a-las-12.35.40.png?fit=1200%2C1017&ssl=1&resize=700%2C400 2x, https:\/\/i0.wp.com\/elpulpoenelvaso.jlmirall.es\/wp-content\/uploads\/2025\/12\/Captura-de-pantalla-2025-12-28-a-las-12.35.40.png?fit=1200%2C1017&ssl=1&resize=1050%2C600 3x"},"classes":[]},{"id":183,"url":"https:\/\/elpulpoenelvaso.jlmirall.es\/?p=183","url_meta":{"origin":727,"position":5},"title":"Ministra de Educaci\u00f3n Pilar Alegr\u00eda Anuncia la Reactivaci\u00f3n del Proyecto de Ley de Ense\u00f1anzas Art\u00edsticas","author":"admin","date":"diciembre 28, 2023","format":false,"excerpt":"EDICI\u00d3N: Este post es una inocentada del 28 de Diciembre de 2023. ;) El fin de a\u00f1o viene con una grata sorpresa para las ense\u00f1anzas de conservatorios. En la \u00faltima rueda de prensa del Consejo de Ministros, la Ministra de Educaci\u00f3n Pilar Alegr\u00eda ha anunciado la reactivaci\u00f3n del Proyecto de\u2026","rel":"","context":"En \u00abSistema educativo\u00bb","block_context":{"text":"Sistema educativo","link":"https:\/\/elpulpoenelvaso.jlmirall.es\/?tag=sistema-educativo"},"img":{"alt_text":"","src":"https:\/\/i0.wp.com\/elpulpoenelvaso.jlmirall.es\/wp-content\/uploads\/2023\/12\/IMG_2923-scaled.jpeg?fit=1200%2C800&ssl=1&resize=350%2C200","width":350,"height":200,"srcset":"https:\/\/i0.wp.com\/elpulpoenelvaso.jlmirall.es\/wp-content\/uploads\/2023\/12\/IMG_2923-scaled.jpeg?fit=1200%2C800&ssl=1&resize=350%2C200 1x, https:\/\/i0.wp.com\/elpulpoenelvaso.jlmirall.es\/wp-content\/uploads\/2023\/12\/IMG_2923-scaled.jpeg?fit=1200%2C800&ssl=1&resize=525%2C300 1.5x, https:\/\/i0.wp.com\/elpulpoenelvaso.jlmirall.es\/wp-content\/uploads\/2023\/12\/IMG_2923-scaled.jpeg?fit=1200%2C800&ssl=1&resize=700%2C400 2x, https:\/\/i0.wp.com\/elpulpoenelvaso.jlmirall.es\/wp-content\/uploads\/2023\/12\/IMG_2923-scaled.jpeg?fit=1200%2C800&ssl=1&resize=1050%2C600 3x"},"classes":[]}],"jetpack_sharing_enabled":true,"_links":{"self":[{"href":"https:\/\/elpulpoenelvaso.jlmirall.es\/index.php?rest_route=\/wp\/v2\/posts\/727","targetHints":{"allow":["GET"]}}],"collection":[{"href":"https:\/\/elpulpoenelvaso.jlmirall.es\/index.php?rest_route=\/wp\/v2\/posts"}],"about":[{"href":"https:\/\/elpulpoenelvaso.jlmirall.es\/index.php?rest_route=\/wp\/v2\/types\/post"}],"author":[{"embeddable":true,"href":"https:\/\/elpulpoenelvaso.jlmirall.es\/index.php?rest_route=\/wp\/v2\/users\/1"}],"replies":[{"embeddable":true,"href":"https:\/\/elpulpoenelvaso.jlmirall.es\/index.php?rest_route=%2Fwp%2Fv2%2Fcomments&post=727"}],"version-history":[{"count":8,"href":"https:\/\/elpulpoenelvaso.jlmirall.es\/index.php?rest_route=\/wp\/v2\/posts\/727\/revisions"}],"predecessor-version":[{"id":736,"href":"https:\/\/elpulpoenelvaso.jlmirall.es\/index.php?rest_route=\/wp\/v2\/posts\/727\/revisions\/736"}],"wp:featuredmedia":[{"embeddable":true,"href":"https:\/\/elpulpoenelvaso.jlmirall.es\/index.php?rest_route=\/wp\/v2\/media\/734"}],"wp:attachment":[{"href":"https:\/\/elpulpoenelvaso.jlmirall.es\/index.php?rest_route=%2Fwp%2Fv2%2Fmedia&parent=727"}],"wp:term":[{"taxonomy":"category","embeddable":true,"href":"https:\/\/elpulpoenelvaso.jlmirall.es\/index.php?rest_route=%2Fwp%2Fv2%2Fcategories&post=727"},{"taxonomy":"post_tag","embeddable":true,"href":"https:\/\/elpulpoenelvaso.jlmirall.es\/index.php?rest_route=%2Fwp%2Fv2%2Ftags&post=727"}],"curies":[{"name":"wp","href":"https:\/\/api.w.org\/{rel}","templated":true}]}}